{"id":4913,"date":"2017-12-11T12:09:27","date_gmt":"2017-12-11T15:09:27","guid":{"rendered":"http:\/\/sinpro-al.com.br\/v2\/?p=4913"},"modified":"2017-12-11T12:09:27","modified_gmt":"2017-12-11T15:09:27","slug":"presidente-do-sinproal-participa-do-viii-consipro-em-pernambuco","status":"publish","type":"post","link":"http:\/\/sinpro-al.com.br\/v2\/?p=4913","title":{"rendered":"Presidente do Sinpro\/AL participa do VIII CONSIPRO em Pernambuco"},"content":{"rendered":"<div id=\"attachment_4915\" style=\"width: 310px\" class=\"wp-caption alignleft\"><a href=\"http:\/\/sinpro-al.com.br\/v2\/wp-content\/uploads\/2017\/12\/WhatsApp-Image-2017-12-09-at-23.28.06-1.jpeg\"><img loading=\"lazy\" decoding=\"async\" aria-describedby=\"caption-attachment-4915\" class=\"size-medium wp-image-4915\" src=\"http:\/\/sinpro-al.com.br\/v2\/wp-content\/uploads\/2017\/12\/WhatsApp-Image-2017-12-09-at-23.28.06-1-300x169.jpeg\" alt=\"\" width=\"300\" height=\"169\" srcset=\"http:\/\/sinpro-al.com.br\/v2\/wp-content\/uploads\/2017\/12\/WhatsApp-Image-2017-12-09-at-23.28.06-1-300x169.jpeg 300w, http:\/\/sinpro-al.com.br\/v2\/wp-content\/uploads\/2017\/12\/WhatsApp-Image-2017-12-09-at-23.28.06-1-768x432.jpeg 768w, http:\/\/sinpro-al.com.br\/v2\/wp-content\/uploads\/2017\/12\/WhatsApp-Image-2017-12-09-at-23.28.06-1-1024x576.jpeg 1024w, http:\/\/sinpro-al.com.br\/v2\/wp-content\/uploads\/2017\/12\/WhatsApp-Image-2017-12-09-at-23.28.06-1.jpeg 1032w\" sizes=\"auto, (max-width: 300px) 100vw, 300px\" \/><\/a><p id=\"caption-attachment-4915\" class=\"wp-caption-text\">VIII CONSIPRO &#8211; RECIFE\/PE<\/p><\/div>\n<p>O presidente do Sindicato dos Professores de Alagoas (Sinpro\/AL), Eduardo Vasconcelos, participou da VIII CONSIPRO, realizado em Recife. O tema abordado no congresso foi\u00a0\u201cContra-reformas: Unidade e Resist\u00eancia no P\u00f3s-Golpe\u201d. Com\u00a0palestra sobre a liberdade e democracia na educa\u00e7\u00e3o. O evento aconteceu nos dias 8,9 e 10 de dezembro.<\/p>\n<p>Vasconcelos realizou uma palestra e destacou a experi\u00eancia concreta enfrentada pelos professores, referente \u00e0 Escola Livre. O hist\u00f3rico, os problemas, as articula\u00e7\u00f5es, os aspectos conservadores e a criminaliza\u00e7\u00e3o do profissional, tamb\u00e9m foram tem\u00e1ticas abordadas.<\/p>\n<p>O presidente do Sinpro\/AL colou para os presentes detalhes sobre sobre a\u00a0batalha para suspender a vig\u00eancia da Escola Livre (Escola Sem Partido), no STF, que foi suspensa liminarmente, atrav\u00e9s da decis\u00e3o do Ministro Luis Roberto Barroso.<\/p>\n<p>Para o presidente do Sinpro\/AL, o congresso foi protagonista nacional, exercido pela entidade classista, para derrubada da \u201cLei da Escola Livre\u201d no Estado.<\/p>\n<p>O presidente do Sindicato dos Professores de Alagoas parabeniza a iniciativa do Sinpro\/PE e a agradece a participa\u00e7\u00e3o no evento.<\/p>\n<p>Somos professores com orgulho e exigimos respeito!<\/p>\n<div id=\"attachment_4914\" style=\"width: 310px\" class=\"wp-caption alignleft\"><a href=\"http:\/\/sinpro-al.com.br\/v2\/wp-content\/uploads\/2017\/12\/WhatsApp-Image-2017-12-09-at-23.28.06.jpeg\"><img loading=\"lazy\" decoding=\"async\" aria-describedby=\"caption-attachment-4914\" class=\"size-medium wp-image-4914\" src=\"http:\/\/sinpro-al.com.br\/v2\/wp-content\/uploads\/2017\/12\/WhatsApp-Image-2017-12-09-at-23.28.06-300x169.jpeg\" alt=\"\" width=\"300\" height=\"169\" srcset=\"http:\/\/sinpro-al.com.br\/v2\/wp-content\/uploads\/2017\/12\/WhatsApp-Image-2017-12-09-at-23.28.06-300x169.jpeg 300w, http:\/\/sinpro-al.com.br\/v2\/wp-content\/uploads\/2017\/12\/WhatsApp-Image-2017-12-09-at-23.28.06-768x432.jpeg 768w, http:\/\/sinpro-al.com.br\/v2\/wp-content\/uploads\/2017\/12\/WhatsApp-Image-2017-12-09-at-23.28.06-1024x576.jpeg 1024w, http:\/\/sinpro-al.com.br\/v2\/wp-content\/uploads\/2017\/12\/WhatsApp-Image-2017-12-09-at-23.28.06.jpeg 1032w\" sizes=\"auto, (max-width: 300px) 100vw, 300px\" \/><\/a><p id=\"caption-attachment-4914\" class=\"wp-caption-text\">Eduardo Vasconcelo &#8211; presidente do Sinpro AL<\/p><\/div>\n<p>&nbsp;<\/p>\n<p>&nbsp;<\/p>\n<p>&nbsp;<\/p>\n<p>&nbsp;<\/p>\n<p>&nbsp;<\/p>\n<p>&nbsp;<\/p>\n<p>Somos professores com orgulho e exigimos respeito!<\/p>\n","protected":false},"excerpt":{"rendered":"<p>O presidente do Sindicato dos Professores de Alagoas (Sinpro\/AL), Eduardo Vasconcelos, participou da VIII CONSIPRO, realizado em Recife. O tema abordado no congresso foi\u00a0\u201cContra-reformas: Unidade e Resist\u00eancia no P\u00f3s-Golpe\u201d. Com\u00a0palestra sobre a liberdade e democracia na educa\u00e7\u00e3o. O evento aconteceu nos dias 8,9 e 10 de dezembro. Vasconcelos realizou uma palestra e destacou a experi\u00eancia [&hellip;]<\/p>\n","protected":false},"author":6,"featured_media":4915,"comment_status":"open","ping_status":"open","sticky":false,"template":"","format":"standard","meta":{"footnotes":""},"categories":[4],"tags":[],"class_list":["post-4913","post","type-post","status-publish","format-standard","has-post-thumbnail","hentry","category-noticias-sinpro-al"],"_links":{"self":[{"href":"http:\/\/sinpro-al.com.br\/v2\/index.php?rest_route=\/wp\/v2\/posts\/4913","targetHints":{"allow":["GET"]}}],"collection":[{"href":"http:\/\/sinpro-al.com.br\/v2\/index.php?rest_route=\/wp\/v2\/posts"}],"about":[{"href":"http:\/\/sinpro-al.com.br\/v2\/index.php?rest_route=\/wp\/v2\/types\/post"}],"author":[{"embeddable":true,"href":"http:\/\/sinpro-al.com.br\/v2\/index.php?rest_route=\/wp\/v2\/users\/6"}],"replies":[{"embeddable":true,"href":"http:\/\/sinpro-al.com.br\/v2\/index.php?rest_route=%2Fwp%2Fv2%2Fcomments&post=4913"}],"version-history":[{"count":1,"href":"http:\/\/sinpro-al.com.br\/v2\/index.php?rest_route=\/wp\/v2\/posts\/4913\/revisions"}],"predecessor-version":[{"id":4916,"href":"http:\/\/sinpro-al.com.br\/v2\/index.php?rest_route=\/wp\/v2\/posts\/4913\/revisions\/4916"}],"wp:featuredmedia":[{"embeddable":true,"href":"http:\/\/sinpro-al.com.br\/v2\/index.php?rest_route=\/wp\/v2\/media\/4915"}],"wp:attachment":[{"href":"http:\/\/sinpro-al.com.br\/v2\/index.php?rest_route=%2Fwp%2Fv2%2Fmedia&parent=4913"}],"wp:term":[{"taxonomy":"category","embeddable":true,"href":"http:\/\/sinpro-al.com.br\/v2\/index.php?rest_route=%2Fwp%2Fv2%2Fcategories&post=4913"},{"taxonomy":"post_tag","embeddable":true,"href":"http:\/\/sinpro-al.com.br\/v2\/index.php?rest_route=%2Fwp%2Fv2%2Ftags&post=4913"}],"curies":[{"name":"wp","href":"https:\/\/api.w.org\/{rel}","templated":true}]}}