{"id":4906,"date":"2017-12-08T12:33:29","date_gmt":"2017-12-08T15:33:29","guid":{"rendered":"http:\/\/sinpro-al.com.br\/v2\/?p=4906"},"modified":"2017-12-08T12:47:03","modified_gmt":"2017-12-08T15:47:03","slug":"presidente-do-sinproal-traca-raio-x-sobre-as-reformas-e-defende-valorizacao-dos-professores-em-entrevista","status":"publish","type":"post","link":"http:\/\/sinpro-al.com.br\/v2\/?p=4906","title":{"rendered":"Presidente do Sinpro\/AL tra\u00e7a raio-x sobre as reformas e defende valoriza\u00e7\u00e3o dos professores em entrevista"},"content":{"rendered":"<div id=\"attachment_4907\" style=\"width: 310px\" class=\"wp-caption alignleft\"><a href=\"http:\/\/sinpro-al.com.br\/v2\/wp-content\/uploads\/2017\/12\/mesa-critica.jpg\"><img loading=\"lazy\" decoding=\"async\" aria-describedby=\"caption-attachment-4907\" class=\"wp-image-4907 size-medium\" src=\"http:\/\/sinpro-al.com.br\/v2\/wp-content\/uploads\/2017\/12\/mesa-critica-300x188.jpg\" alt=\"\" width=\"300\" height=\"188\" srcset=\"http:\/\/sinpro-al.com.br\/v2\/wp-content\/uploads\/2017\/12\/mesa-critica-300x188.jpg 300w, http:\/\/sinpro-al.com.br\/v2\/wp-content\/uploads\/2017\/12\/mesa-critica-768x482.jpg 768w, http:\/\/sinpro-al.com.br\/v2\/wp-content\/uploads\/2017\/12\/mesa-critica.jpg 960w\" sizes=\"auto, (max-width: 300px) 100vw, 300px\" \/><\/a><p id=\"caption-attachment-4907\" class=\"wp-caption-text\">Ricardo Alexandre entrevista o presidente do Sinpro\/AL, Eduardo Vasconcelos<\/p><\/div>\n<p>O presidente do Sindicato dos Professores de Alagoas (Sinpro\/AL), Eduardo Vasconcelos, concedeu entrevista para o programa Mesa Cr\u00edtica, na Tv Mar, que \u00e9 comandado pelo apresentador Ricardo Alexandre.<\/p>\n<p>Entre as pautas mais discutidas estiveram: reforma trabalhista, piso nacional da educa\u00e7\u00e3o, reforma do ensino m\u00e9dio, seguran\u00e7a e sa\u00fade do professor, as car\u00eancias dos professores na rede p\u00fablica de ensino e a falta de renova\u00e7\u00e3o do movimento sindical.<\/p>\n<p>O presidente do Sinpro\/AL segue dialogando com a sociedade sobre a import\u00e2ncia de uma educa\u00e7\u00e3o de qualidade onde os docentes devem ser valorizados, pois s\u00f3 assim haver\u00e1 a possibilidade de uma transforma\u00e7\u00e3o social de verdade.<\/p>\n<p>Somos professores com orgulho e exigimos respeito!<\/p>\n","protected":false},"excerpt":{"rendered":"<p>O presidente do Sindicato dos Professores de Alagoas (Sinpro\/AL), Eduardo Vasconcelos, concedeu entrevista para o programa Mesa Cr\u00edtica, na Tv Mar, que \u00e9 comandado pelo apresentador Ricardo Alexandre. Entre as pautas mais discutidas estiveram: reforma trabalhista, piso nacional da educa\u00e7\u00e3o, reforma do ensino m\u00e9dio, seguran\u00e7a e sa\u00fade do professor, as car\u00eancias dos professores na rede [&hellip;]<\/p>\n","protected":false},"author":4,"featured_media":4907,"comment_status":"open","ping_status":"open","sticky":false,"template":"","format":"standard","meta":{"footnotes":""},"categories":[4],"tags":[],"class_list":["post-4906","post","type-post","status-publish","format-standard","has-post-thumbnail","hentry","category-noticias-sinpro-al"],"_links":{"self":[{"href":"http:\/\/sinpro-al.com.br\/v2\/index.php?rest_route=\/wp\/v2\/posts\/4906","targetHints":{"allow":["GET"]}}],"collection":[{"href":"http:\/\/sinpro-al.com.br\/v2\/index.php?rest_route=\/wp\/v2\/posts"}],"about":[{"href":"http:\/\/sinpro-al.com.br\/v2\/index.php?rest_route=\/wp\/v2\/types\/post"}],"author":[{"embeddable":true,"href":"http:\/\/sinpro-al.com.br\/v2\/index.php?rest_route=\/wp\/v2\/users\/4"}],"replies":[{"embeddable":true,"href":"http:\/\/sinpro-al.com.br\/v2\/index.php?rest_route=%2Fwp%2Fv2%2Fcomments&post=4906"}],"version-history":[{"count":1,"href":"http:\/\/sinpro-al.com.br\/v2\/index.php?rest_route=\/wp\/v2\/posts\/4906\/revisions"}],"predecessor-version":[{"id":4908,"href":"http:\/\/sinpro-al.com.br\/v2\/index.php?rest_route=\/wp\/v2\/posts\/4906\/revisions\/4908"}],"wp:featuredmedia":[{"embeddable":true,"href":"http:\/\/sinpro-al.com.br\/v2\/index.php?rest_route=\/wp\/v2\/media\/4907"}],"wp:attachment":[{"href":"http:\/\/sinpro-al.com.br\/v2\/index.php?rest_route=%2Fwp%2Fv2%2Fmedia&parent=4906"}],"wp:term":[{"taxonomy":"category","embeddable":true,"href":"http:\/\/sinpro-al.com.br\/v2\/index.php?rest_route=%2Fwp%2Fv2%2Fcategories&post=4906"},{"taxonomy":"post_tag","embeddable":true,"href":"http:\/\/sinpro-al.com.br\/v2\/index.php?rest_route=%2Fwp%2Fv2%2Ftags&post=4906"}],"curies":[{"name":"wp","href":"https:\/\/api.w.org\/{rel}","templated":true}]}}