{"id":4892,"date":"2017-12-04T11:57:03","date_gmt":"2017-12-04T14:57:03","guid":{"rendered":"http:\/\/sinpro-al.com.br\/v2\/?p=4892"},"modified":"2017-12-04T11:57:38","modified_gmt":"2017-12-04T14:57:38","slug":"greve-suspensa-mas-continuaremos-nas-ruas-contra-a-reforma-da-previdencia","status":"publish","type":"post","link":"http:\/\/sinpro-al.com.br\/v2\/?p=4892","title":{"rendered":"GREVE SUSPENSA: Mas continuaremos nas ruas contra a Reforma da Previd\u00eancia"},"content":{"rendered":"<p><a href=\"http:\/\/sinpro-al.com.br\/v2\/wp-content\/uploads\/2017\/12\/WhatsApp-Image-2017-12-04-at-11.55.28.jpeg\"><img loading=\"lazy\" decoding=\"async\" class=\"size-medium wp-image-4893 alignleft\" src=\"http:\/\/sinpro-al.com.br\/v2\/wp-content\/uploads\/2017\/12\/WhatsApp-Image-2017-12-04-at-11.55.28-300x300.jpeg\" alt=\"\" width=\"300\" height=\"300\" srcset=\"http:\/\/sinpro-al.com.br\/v2\/wp-content\/uploads\/2017\/12\/WhatsApp-Image-2017-12-04-at-11.55.28-300x300.jpeg 300w, http:\/\/sinpro-al.com.br\/v2\/wp-content\/uploads\/2017\/12\/WhatsApp-Image-2017-12-04-at-11.55.28-150x150.jpeg 150w, http:\/\/sinpro-al.com.br\/v2\/wp-content\/uploads\/2017\/12\/WhatsApp-Image-2017-12-04-at-11.55.28-45x45.jpeg 45w, http:\/\/sinpro-al.com.br\/v2\/wp-content\/uploads\/2017\/12\/WhatsApp-Image-2017-12-04-at-11.55.28.jpeg 722w\" sizes=\"auto, (max-width: 300px) 100vw, 300px\" \/><\/a>A luta contra a Reforma da Previd\u00eancia \u00e9 uma luta estrat\u00e9gica para o nosso povo, a vigil\u00e2ncia e resist\u00eancia s\u00e3o fundamentais e a CTB (Central dos Trabalhadores e Trabalhadoras do Brasil) sabe da centralidade desta luta.<\/p>\n<p>A CTB sempre defendeu e defender\u00e1 a unidade das centrais sindicais, por entender que a nossa luta segue objetivo comum: a defesa dos interesses da classe trabalhadora.<\/p>\n<p>Diante da posi\u00e7\u00e3o adotada pela maioria das Centrais, da qual discordamos profundamente, e entendendo ser estrat\u00e9gico aprofundar a dificuldade do governo em arregimentar apoio para votar o projeto que acaba com o direito \u00e0 aposentadoria do nosso povo, a CTB orienta sua base a permanecer em luta DIA 5 DE DEZEMBRO e realizar ATOS na porta das sedes do INSS (Instituto Nacional do Seguro Social) em todas as cidades do pa\u00eds.<\/p>\n<p>E mais, pela din\u00e2mica dos estados, acreditamos que \u00e9 poss\u00edvel ampliar esses atos com a participa\u00e7\u00e3o de outras centrais sindicais, os movimentos sociais e a sociedade de forma geral, que est\u00e1 inconformada com a onda de ataques deste governo.<\/p>\n<p>A CTB conclama \u00e0 unidade e entende ser necess\u00e1rio uma reuni\u00e3o urgente das Centrais, confedera\u00e7\u00f5es, federa\u00e7\u00f5es e os Sindicatos das principais categorias para uma discuss\u00e3o sobre a constru\u00e7\u00e3o da GREVE NACIONAL.<\/p>\n<p>Entendemos que se o governo insistir em votar n\u00e3o nos restar\u00e1 outra alternativa que n\u00e3o seja parar o pa\u00eds.<\/p>\n<p>Agora \u00e9 a hora de mobilizar a sociedade para a resist\u00eancia contra o desmonte da Previd\u00eancia e em defesa dos direitos. Resistir a todo custo est\u00e1 no DNA da CTB e seguiremos firmes em nossa luta pela classe trabalhadora e pelo futuro do nosso povo.<\/p>\n<p>Se botar pra votar, o Brasil vai parar!<\/p>\n<p>&nbsp;<\/p>\n<p>Fonte: CTB<\/p>\n","protected":false},"excerpt":{"rendered":"<p>A luta contra a Reforma da Previd\u00eancia \u00e9 uma luta estrat\u00e9gica para o nosso povo, a vigil\u00e2ncia e resist\u00eancia s\u00e3o fundamentais e a CTB (Central dos Trabalhadores e Trabalhadoras do Brasil) sabe da centralidade desta luta. A CTB sempre defendeu e defender\u00e1 a unidade das centrais sindicais, por entender que a nossa luta segue objetivo [&hellip;]<\/p>\n","protected":false},"author":6,"featured_media":4895,"comment_status":"open","ping_status":"open","sticky":false,"template":"","format":"standard","meta":{"footnotes":""},"categories":[4],"tags":[],"class_list":["post-4892","post","type-post","status-publish","format-standard","has-post-thumbnail","hentry","category-noticias-sinpro-al"],"_links":{"self":[{"href":"http:\/\/sinpro-al.com.br\/v2\/index.php?rest_route=\/wp\/v2\/posts\/4892","targetHints":{"allow":["GET"]}}],"collection":[{"href":"http:\/\/sinpro-al.com.br\/v2\/index.php?rest_route=\/wp\/v2\/posts"}],"about":[{"href":"http:\/\/sinpro-al.com.br\/v2\/index.php?rest_route=\/wp\/v2\/types\/post"}],"author":[{"embeddable":true,"href":"http:\/\/sinpro-al.com.br\/v2\/index.php?rest_route=\/wp\/v2\/users\/6"}],"replies":[{"embeddable":true,"href":"http:\/\/sinpro-al.com.br\/v2\/index.php?rest_route=%2Fwp%2Fv2%2Fcomments&post=4892"}],"version-history":[{"count":1,"href":"http:\/\/sinpro-al.com.br\/v2\/index.php?rest_route=\/wp\/v2\/posts\/4892\/revisions"}],"predecessor-version":[{"id":4894,"href":"http:\/\/sinpro-al.com.br\/v2\/index.php?rest_route=\/wp\/v2\/posts\/4892\/revisions\/4894"}],"wp:featuredmedia":[{"embeddable":true,"href":"http:\/\/sinpro-al.com.br\/v2\/index.php?rest_route=\/wp\/v2\/media\/4895"}],"wp:attachment":[{"href":"http:\/\/sinpro-al.com.br\/v2\/index.php?rest_route=%2Fwp%2Fv2%2Fmedia&parent=4892"}],"wp:term":[{"taxonomy":"category","embeddable":true,"href":"http:\/\/sinpro-al.com.br\/v2\/index.php?rest_route=%2Fwp%2Fv2%2Fcategories&post=4892"},{"taxonomy":"post_tag","embeddable":true,"href":"http:\/\/sinpro-al.com.br\/v2\/index.php?rest_route=%2Fwp%2Fv2%2Ftags&post=4892"}],"curies":[{"name":"wp","href":"https:\/\/api.w.org\/{rel}","templated":true}]}}