{"id":4890,"date":"2017-12-01T10:48:18","date_gmt":"2017-12-01T13:48:18","guid":{"rendered":"http:\/\/sinpro-al.com.br\/v2\/?p=4890"},"modified":"2017-12-01T10:48:18","modified_gmt":"2017-12-01T13:48:18","slug":"sinproal-aderi-a-greve-geral-e-nao-ira-funcionar-na-terca-512","status":"publish","type":"post","link":"http:\/\/sinpro-al.com.br\/v2\/?p=4890","title":{"rendered":"Sinpro\/AL aderi a &#8220;Greve geral&#8221; e n\u00e3o ir\u00e1 funcionar na ter\u00e7a (5\/12)"},"content":{"rendered":"<p><a href=\"http:\/\/sinpro-al.com.br\/v2\/wp-content\/uploads\/2017\/11\/MANIFESTA\u00c7\u00c3O.jpg\"><img loading=\"lazy\" decoding=\"async\" class=\"size-medium wp-image-4880 alignleft\" src=\"http:\/\/sinpro-al.com.br\/v2\/wp-content\/uploads\/2017\/11\/MANIFESTA\u00c7\u00c3O-300x120.jpg\" alt=\"\" width=\"300\" height=\"120\" srcset=\"http:\/\/sinpro-al.com.br\/v2\/wp-content\/uploads\/2017\/11\/MANIFESTA\u00c7\u00c3O-300x120.jpg 300w, http:\/\/sinpro-al.com.br\/v2\/wp-content\/uploads\/2017\/11\/MANIFESTA\u00c7\u00c3O-768x307.jpg 768w, http:\/\/sinpro-al.com.br\/v2\/wp-content\/uploads\/2017\/11\/MANIFESTA\u00c7\u00c3O-1024x410.jpg 1024w, http:\/\/sinpro-al.com.br\/v2\/wp-content\/uploads\/2017\/11\/MANIFESTA\u00c7\u00c3O.jpg 1772w\" sizes=\"auto, (max-width: 300px) 100vw, 300px\" \/><\/a><\/p>\n<p>O Sindicato dos Professores de Alagoas (SinPro\/AL), ir\u00e1 aderir a &#8220;Greve geral&#8221;, contra as Reformas Trabalhistas e da Previd\u00eancia, no dia 05\/12, pr\u00f3xima ter\u00e7a-feira. Com isso, n\u00e3o haver\u00e1 atendimento em nossa sede no Farol.<\/p>\n<p>A \u201cGreve Geral\u201d ser\u00e1 uma das principais bandeiras contra os ataques \u00e0s conquistas do povo e da classe trabalhadora adquiridas em d\u00e9cadas de luta.<\/p>\n<p>A concentra\u00e7\u00e3o dos protestos ser\u00e1 na Pra\u00e7a Sinibu, no Centro de Macei\u00f3, \u00e0s 9h d\u00e1 manh\u00e3.<\/p>\n<p>Somos professores com orgulho e exigimos respeito!<\/p>\n<p>&nbsp;<\/p>\n<p>&nbsp;<\/p>\n","protected":false},"excerpt":{"rendered":"<p>O Sindicato dos Professores de Alagoas (SinPro\/AL), ir\u00e1 aderir a &#8220;Greve geral&#8221;, contra as Reformas Trabalhistas e da Previd\u00eancia, no dia 05\/12, pr\u00f3xima ter\u00e7a-feira. Com isso, n\u00e3o haver\u00e1 atendimento em nossa sede no Farol. A \u201cGreve Geral\u201d ser\u00e1 uma das principais bandeiras contra os ataques \u00e0s conquistas do povo e da classe trabalhadora adquiridas em [&hellip;]<\/p>\n","protected":false},"author":6,"featured_media":4880,"comment_status":"open","ping_status":"open","sticky":false,"template":"","format":"standard","meta":{"footnotes":""},"categories":[4],"tags":[],"class_list":["post-4890","post","type-post","status-publish","format-standard","has-post-thumbnail","hentry","category-noticias-sinpro-al"],"_links":{"self":[{"href":"http:\/\/sinpro-al.com.br\/v2\/index.php?rest_route=\/wp\/v2\/posts\/4890","targetHints":{"allow":["GET"]}}],"collection":[{"href":"http:\/\/sinpro-al.com.br\/v2\/index.php?rest_route=\/wp\/v2\/posts"}],"about":[{"href":"http:\/\/sinpro-al.com.br\/v2\/index.php?rest_route=\/wp\/v2\/types\/post"}],"author":[{"embeddable":true,"href":"http:\/\/sinpro-al.com.br\/v2\/index.php?rest_route=\/wp\/v2\/users\/6"}],"replies":[{"embeddable":true,"href":"http:\/\/sinpro-al.com.br\/v2\/index.php?rest_route=%2Fwp%2Fv2%2Fcomments&post=4890"}],"version-history":[{"count":1,"href":"http:\/\/sinpro-al.com.br\/v2\/index.php?rest_route=\/wp\/v2\/posts\/4890\/revisions"}],"predecessor-version":[{"id":4891,"href":"http:\/\/sinpro-al.com.br\/v2\/index.php?rest_route=\/wp\/v2\/posts\/4890\/revisions\/4891"}],"wp:featuredmedia":[{"embeddable":true,"href":"http:\/\/sinpro-al.com.br\/v2\/index.php?rest_route=\/wp\/v2\/media\/4880"}],"wp:attachment":[{"href":"http:\/\/sinpro-al.com.br\/v2\/index.php?rest_route=%2Fwp%2Fv2%2Fmedia&parent=4890"}],"wp:term":[{"taxonomy":"category","embeddable":true,"href":"http:\/\/sinpro-al.com.br\/v2\/index.php?rest_route=%2Fwp%2Fv2%2Fcategories&post=4890"},{"taxonomy":"post_tag","embeddable":true,"href":"http:\/\/sinpro-al.com.br\/v2\/index.php?rest_route=%2Fwp%2Fv2%2Ftags&post=4890"}],"curies":[{"name":"wp","href":"https:\/\/api.w.org\/{rel}","templated":true}]}}