{"id":4887,"date":"2017-12-01T10:24:44","date_gmt":"2017-12-01T13:24:44","guid":{"rendered":"http:\/\/sinpro-al.com.br\/v2\/?p=4887"},"modified":"2017-12-01T10:24:44","modified_gmt":"2017-12-01T13:24:44","slug":"presidente-do-sinproal-ira-realizar-palestra-durante-congresso-em-pe","status":"publish","type":"post","link":"http:\/\/sinpro-al.com.br\/v2\/?p=4887","title":{"rendered":"Presidente do Sinpro\/AL ir\u00e1 realizar palestra durante congresso em PE"},"content":{"rendered":"<p><a href=\"http:\/\/sinpro-al.com.br\/v2\/wp-content\/uploads\/2017\/12\/IMG-20171201-WA0002.jpg\"><img loading=\"lazy\" decoding=\"async\" class=\"alignnone size-medium wp-image-4888\" src=\"http:\/\/sinpro-al.com.br\/v2\/wp-content\/uploads\/2017\/12\/IMG-20171201-WA0002-300x210.jpg\" alt=\"\" width=\"300\" height=\"210\" srcset=\"http:\/\/sinpro-al.com.br\/v2\/wp-content\/uploads\/2017\/12\/IMG-20171201-WA0002-300x210.jpg 300w, http:\/\/sinpro-al.com.br\/v2\/wp-content\/uploads\/2017\/12\/IMG-20171201-WA0002-768x537.jpg 768w, http:\/\/sinpro-al.com.br\/v2\/wp-content\/uploads\/2017\/12\/IMG-20171201-WA0002-1024x716.jpg 1024w, http:\/\/sinpro-al.com.br\/v2\/wp-content\/uploads\/2017\/12\/IMG-20171201-WA0002.jpg 1242w\" sizes=\"auto, (max-width: 300px) 100vw, 300px\" \/><\/a><\/p>\n<p>O presidente do Sindicato dos Professores de Alagoas (Sinpro\/AL), Eduardo Vasconcelos, ir\u00e1 realizar uma palestra sobre &#8220;A liberdade e democracia na educa\u00e7\u00e3o&#8221; durante o VIII Consinpro. O evento acontecer\u00e1 em Recife entre os dias 8,9 e 10 de dezembro.<\/p>\n<p>Um dos pontos que ser\u00e3o colocados pelo presidente do Sinpro\/AL na palestra \u00e9 o protagonismo nacional exercido pela entidade classista para derrubada da &#8220;Lei da Escola Livre&#8221; no Estado.<\/p>\n<p>O presidente do Sindicato dos Professores de Alagoas parabeniza a iniciativa do Sinpro\/PE e a agradece o convite do presidente Helmiton Beserra.<\/p>\n<p>Somos professores com orgulho e exigimos respeito!<\/p>\n","protected":false},"excerpt":{"rendered":"<p>O presidente do Sindicato dos Professores de Alagoas (Sinpro\/AL), Eduardo Vasconcelos, ir\u00e1 realizar uma palestra sobre &#8220;A liberdade e democracia na educa\u00e7\u00e3o&#8221; durante o VIII Consinpro. O evento acontecer\u00e1 em Recife entre os dias 8,9 e 10 de dezembro. Um dos pontos que ser\u00e3o colocados pelo presidente do Sinpro\/AL na palestra \u00e9 o protagonismo nacional [&hellip;]<\/p>\n","protected":false},"author":6,"featured_media":4888,"comment_status":"open","ping_status":"open","sticky":false,"template":"","format":"standard","meta":{"footnotes":""},"categories":[4],"tags":[],"class_list":["post-4887","post","type-post","status-publish","format-standard","has-post-thumbnail","hentry","category-noticias-sinpro-al"],"_links":{"self":[{"href":"http:\/\/sinpro-al.com.br\/v2\/index.php?rest_route=\/wp\/v2\/posts\/4887","targetHints":{"allow":["GET"]}}],"collection":[{"href":"http:\/\/sinpro-al.com.br\/v2\/index.php?rest_route=\/wp\/v2\/posts"}],"about":[{"href":"http:\/\/sinpro-al.com.br\/v2\/index.php?rest_route=\/wp\/v2\/types\/post"}],"author":[{"embeddable":true,"href":"http:\/\/sinpro-al.com.br\/v2\/index.php?rest_route=\/wp\/v2\/users\/6"}],"replies":[{"embeddable":true,"href":"http:\/\/sinpro-al.com.br\/v2\/index.php?rest_route=%2Fwp%2Fv2%2Fcomments&post=4887"}],"version-history":[{"count":1,"href":"http:\/\/sinpro-al.com.br\/v2\/index.php?rest_route=\/wp\/v2\/posts\/4887\/revisions"}],"predecessor-version":[{"id":4889,"href":"http:\/\/sinpro-al.com.br\/v2\/index.php?rest_route=\/wp\/v2\/posts\/4887\/revisions\/4889"}],"wp:featuredmedia":[{"embeddable":true,"href":"http:\/\/sinpro-al.com.br\/v2\/index.php?rest_route=\/wp\/v2\/media\/4888"}],"wp:attachment":[{"href":"http:\/\/sinpro-al.com.br\/v2\/index.php?rest_route=%2Fwp%2Fv2%2Fmedia&parent=4887"}],"wp:term":[{"taxonomy":"category","embeddable":true,"href":"http:\/\/sinpro-al.com.br\/v2\/index.php?rest_route=%2Fwp%2Fv2%2Fcategories&post=4887"},{"taxonomy":"post_tag","embeddable":true,"href":"http:\/\/sinpro-al.com.br\/v2\/index.php?rest_route=%2Fwp%2Fv2%2Ftags&post=4887"}],"curies":[{"name":"wp","href":"https:\/\/api.w.org\/{rel}","templated":true}]}}