{"id":4879,"date":"2017-11-29T15:48:04","date_gmt":"2017-11-29T18:48:04","guid":{"rendered":"http:\/\/sinpro-al.com.br\/v2\/?p=4879"},"modified":"2017-11-29T15:48:04","modified_gmt":"2017-11-29T18:48:04","slug":"sinproal-apoia-greve-geral-no-proximo-dia-5-de-dezembro","status":"publish","type":"post","link":"http:\/\/sinpro-al.com.br\/v2\/?p=4879","title":{"rendered":"Sinpro\/AL apoia &#8220;Greve Geral&#8221; no pr\u00f3ximo dia 5 de dezembro"},"content":{"rendered":"<p><a href=\"http:\/\/sinpro-al.com.br\/v2\/wp-content\/uploads\/2017\/11\/MANIFESTA\u00c7\u00c3O.jpg\"><img loading=\"lazy\" decoding=\"async\" class=\"alignleft  wp-image-4880\" src=\"http:\/\/sinpro-al.com.br\/v2\/wp-content\/uploads\/2017\/11\/MANIFESTA\u00c7\u00c3O-300x120.jpg\" alt=\"\" width=\"313\" height=\"125\" srcset=\"http:\/\/sinpro-al.com.br\/v2\/wp-content\/uploads\/2017\/11\/MANIFESTA\u00c7\u00c3O-300x120.jpg 300w, http:\/\/sinpro-al.com.br\/v2\/wp-content\/uploads\/2017\/11\/MANIFESTA\u00c7\u00c3O-768x307.jpg 768w, http:\/\/sinpro-al.com.br\/v2\/wp-content\/uploads\/2017\/11\/MANIFESTA\u00c7\u00c3O-1024x410.jpg 1024w, http:\/\/sinpro-al.com.br\/v2\/wp-content\/uploads\/2017\/11\/MANIFESTA\u00c7\u00c3O.jpg 1772w\" sizes=\"auto, (max-width: 313px) 100vw, 313px\" \/><\/a>A cada dia se verifica um novo golpe contra as conquistas do povo brasileiro. No atual cen\u00e1rio pol\u00edtico, as reformas da Previd\u00eancia, Trabalhista e a Terceiriza\u00e7\u00e3o s\u00e3o ataques frontais \u00e0 classe trabalhadora.\u00a0\u00a0 Agora os trabalhadores do Brasil se organizam para \u201cGreve Geral\u201d, que ser\u00e1 realizada no pr\u00f3ximo dia 5 de dezembro.<\/p>\n<p>A \u201cGreve Geral\u201d ser\u00e1 uma das principais bandeiras contra os ataques \u00e0s conquistas do povo e da classe trabalhadora adquiridas em d\u00e9cadas de luta.<\/p>\n<p>O Sindicato dos Professores de Alagoas (Sinpro\/AL) apoia a \u201cGreve Geral\u201d em defesa dos trabalhadores. O ato em Macei\u00f3 ser\u00e1 realizado na pra\u00e7a Sinimbu \u00e0s 9h.<\/p>\n<p>Somos professores com o orgulho e exigimos respeito!<\/p>\n","protected":false},"excerpt":{"rendered":"<p>A cada dia se verifica um novo golpe contra as conquistas do povo brasileiro. No atual cen\u00e1rio pol\u00edtico, as reformas da Previd\u00eancia, Trabalhista e a Terceiriza\u00e7\u00e3o s\u00e3o ataques frontais \u00e0 classe trabalhadora.\u00a0\u00a0 Agora os trabalhadores do Brasil se organizam para \u201cGreve Geral\u201d, que ser\u00e1 realizada no pr\u00f3ximo dia 5 de dezembro. A \u201cGreve Geral\u201d ser\u00e1 [&hellip;]<\/p>\n","protected":false},"author":4,"featured_media":4880,"comment_status":"open","ping_status":"open","sticky":false,"template":"","format":"standard","meta":{"footnotes":""},"categories":[4],"tags":[],"class_list":["post-4879","post","type-post","status-publish","format-standard","has-post-thumbnail","hentry","category-noticias-sinpro-al"],"_links":{"self":[{"href":"http:\/\/sinpro-al.com.br\/v2\/index.php?rest_route=\/wp\/v2\/posts\/4879","targetHints":{"allow":["GET"]}}],"collection":[{"href":"http:\/\/sinpro-al.com.br\/v2\/index.php?rest_route=\/wp\/v2\/posts"}],"about":[{"href":"http:\/\/sinpro-al.com.br\/v2\/index.php?rest_route=\/wp\/v2\/types\/post"}],"author":[{"embeddable":true,"href":"http:\/\/sinpro-al.com.br\/v2\/index.php?rest_route=\/wp\/v2\/users\/4"}],"replies":[{"embeddable":true,"href":"http:\/\/sinpro-al.com.br\/v2\/index.php?rest_route=%2Fwp%2Fv2%2Fcomments&post=4879"}],"version-history":[{"count":1,"href":"http:\/\/sinpro-al.com.br\/v2\/index.php?rest_route=\/wp\/v2\/posts\/4879\/revisions"}],"predecessor-version":[{"id":4881,"href":"http:\/\/sinpro-al.com.br\/v2\/index.php?rest_route=\/wp\/v2\/posts\/4879\/revisions\/4881"}],"wp:featuredmedia":[{"embeddable":true,"href":"http:\/\/sinpro-al.com.br\/v2\/index.php?rest_route=\/wp\/v2\/media\/4880"}],"wp:attachment":[{"href":"http:\/\/sinpro-al.com.br\/v2\/index.php?rest_route=%2Fwp%2Fv2%2Fmedia&parent=4879"}],"wp:term":[{"taxonomy":"category","embeddable":true,"href":"http:\/\/sinpro-al.com.br\/v2\/index.php?rest_route=%2Fwp%2Fv2%2Fcategories&post=4879"},{"taxonomy":"post_tag","embeddable":true,"href":"http:\/\/sinpro-al.com.br\/v2\/index.php?rest_route=%2Fwp%2Fv2%2Ftags&post=4879"}],"curies":[{"name":"wp","href":"https:\/\/api.w.org\/{rel}","templated":true}]}}