{"id":4873,"date":"2017-11-28T10:27:52","date_gmt":"2017-11-28T13:27:52","guid":{"rendered":"http:\/\/sinpro-al.com.br\/v2\/?p=4873"},"modified":"2017-11-28T10:32:53","modified_gmt":"2017-11-28T13:32:53","slug":"sinproal-marca-presenca-em-seminario-da-contee","status":"publish","type":"post","link":"http:\/\/sinpro-al.com.br\/v2\/?p=4873","title":{"rendered":"Sinpro\/AL marca presen\u00e7a em semin\u00e1rio da Contee"},"content":{"rendered":"<article id=\"post-47661\" class=\"post-47661 post type-post status-publish format-standard has-post-thumbnail hentry category-destaque1 category-gerais category-seminario-de-estrategias-juridicas-e-negociais-sob-a-reforma-trabalhista tag-campanhas-salariais-de-2018 tag-contee tag-debate tag-reforma-da-previdencia\">\n<div><\/div>\n<div><\/div>\n<div>Os diretores do Sindicato dos Professores de Alagoas (Sinpro\/AL), Eduardo Vasconcelos e Marcelo Porto, estiveram presentes no semin\u00e1rio realizado pela Contee, para discurs\u00e3o sobre a Reforma da Previd\u00eancia e as campanhas salariais para 2018. O encontro foi em Bras\u00edlia, semana passada, nos dias 23 e 24.<\/div>\n<div class=\"td-post-content td-pb-padding-side\">\n<div><\/div>\n<div class=\"td-post-featured-image\"><a class=\"td-modal-image\" href=\"http:\/\/contee.org.br\/contee\/wp-content\/uploads\/2017\/11\/4A8A7437.jpg\" data-caption=\"\"><img loading=\"lazy\" decoding=\"async\" class=\"entry-thumb td-animation-stack-type0-1 alignleft\" title=\"4A8A7437\" src=\"http:\/\/contee.org.br\/contee\/wp-content\/uploads\/2017\/11\/4A8A7437-640x427.jpg\" sizes=\"auto, (max-width: 640px) 100vw, 640px\" srcset=\"http:\/\/contee.org.br\/contee\/wp-content\/uploads\/2017\/11\/4A8A7437-640x427.jpg 640w, http:\/\/contee.org.br\/contee\/wp-content\/uploads\/2017\/11\/4A8A7437-300x200.jpg 300w, http:\/\/contee.org.br\/contee\/wp-content\/uploads\/2017\/11\/4A8A7437-768x512.jpg 768w, http:\/\/contee.org.br\/contee\/wp-content\/uploads\/2017\/11\/4A8A7437-630x420.jpg 630w, http:\/\/contee.org.br\/contee\/wp-content\/uploads\/2017\/11\/4A8A7437-681x454.jpg 681w, http:\/\/contee.org.br\/contee\/wp-content\/uploads\/2017\/11\/4A8A7437.jpg 1000w\" alt=\"\" width=\"498\" height=\"332\" \/><\/a><\/div>\n<p>O coordenador-geral da Contee, Gilson Reis, abriu, dia 23, a \u00faltima parte do o Semin\u00e1rio Jur\u00eddico \u201cNegocia\u00e7\u00e3o Coletiva e assist\u00eancia sindical na atualidade\u201d, que teve in\u00edcio no dia anterior. \u201cEste Semin\u00e1rio, deliberado pelo nosso \u00faltimo Consind, contou com a participa\u00e7\u00e3o de 92 sindicalistas e advogados trabalhistas de 47 entidades filiadas \u00e0 Confedera\u00e7\u00e3o\u201d, informou.\u00a0Segundo Gilson, \u201cestamos vivendo uma grande ofensiva contra os direitos trabalhistas. As negocia\u00e7\u00f5es salariais do pr\u00f3ximo ano trar\u00e3o novos desafios. \u00c9 preciso que estejamos unidos para enfrent\u00e1-los. Nossas atividades devem estar coordenadas, para preservar direitos alcan\u00e7ados e buscar ampli\u00e1-los\u201d.<\/p>\n<p><a href=\"http:\/\/contee.org.br\/contee\/wp-content\/uploads\/2017\/11\/4A8A7437d.jpg\"><img loading=\"lazy\" decoding=\"async\" class=\"wp-image-47662 td-animation-stack-type0-1 alignleft\" src=\"http:\/\/contee.org.br\/contee\/wp-content\/uploads\/2017\/11\/4A8A7437d.jpg\" sizes=\"auto, (max-width: 1000px) 100vw, 1000px\" srcset=\"http:\/\/contee.org.br\/contee\/wp-content\/uploads\/2017\/11\/4A8A7437d.jpg 1000w, http:\/\/contee.org.br\/contee\/wp-content\/uploads\/2017\/11\/4A8A7437d-300x200.jpg 300w, http:\/\/contee.org.br\/contee\/wp-content\/uploads\/2017\/11\/4A8A7437d-768x512.jpg 768w, http:\/\/contee.org.br\/contee\/wp-content\/uploads\/2017\/11\/4A8A7437d-630x420.jpg 630w, http:\/\/contee.org.br\/contee\/wp-content\/uploads\/2017\/11\/4A8A7437d-640x427.jpg 640w, http:\/\/contee.org.br\/contee\/wp-content\/uploads\/2017\/11\/4A8A7437d-681x454.jpg 681w\" alt=\"\" width=\"530\" height=\"354\" \/><\/a><\/p>\n<p>Oswaldo Luis Cordeiro Teles, coordenador da Secretaria de Organiza\u00e7\u00e3o Sindical, destacou que \u201co debate que estamos travando objetiva construir a unidade que este novo tempo, de avan\u00e7o dos golpistas e do conservadorismo, nos imp\u00f5e. \u00c9 necess\u00e1rio fortalecermos nossas entidades e a Contee, que tem grande import\u00e2ncia para dar um car\u00e1ter mais amplo, combativo e eficaz \u00e0s nossas lutas di\u00e1rias.\u00a0No ano que vem, teremos elei\u00e7\u00f5es gerais no pa\u00eds, e os trabalhadores n\u00e3o podem ficar alheios aos debates pol\u00edticos, \u00e0s propostas que ser\u00e3o colocadas\u201d. A coordenadora da Secretaria de Rela\u00e7\u00f5es do Trabalho, Nara Teixeira de Souza, apresentou um relat\u00f3rio das negocia\u00e7\u00f5es e conven\u00e7\u00f5es realizadas pelas entidades filiadas \u00e0 Contee durante 2017. Destacou conquistas e desafios que se repetiram nas v\u00e1rias bases sindicais.<\/p>\n<p><a href=\"http:\/\/contee.org.br\/contee\/wp-content\/uploads\/2017\/11\/4A8A7437b.jpg\"><img loading=\"lazy\" decoding=\"async\" class=\"aligncenter size-full wp-image-47664 td-animation-stack-type0-1\" src=\"http:\/\/contee.org.br\/contee\/wp-content\/uploads\/2017\/11\/4A8A7437b.jpg\" sizes=\"auto, (max-width: 1000px) 100vw, 1000px\" srcset=\"http:\/\/contee.org.br\/contee\/wp-content\/uploads\/2017\/11\/4A8A7437b.jpg 1000w, http:\/\/contee.org.br\/contee\/wp-content\/uploads\/2017\/11\/4A8A7437b-300x200.jpg 300w, http:\/\/contee.org.br\/contee\/wp-content\/uploads\/2017\/11\/4A8A7437b-768x512.jpg 768w, http:\/\/contee.org.br\/contee\/wp-content\/uploads\/2017\/11\/4A8A7437b-630x420.jpg 630w, http:\/\/contee.org.br\/contee\/wp-content\/uploads\/2017\/11\/4A8A7437b-640x427.jpg 640w, http:\/\/contee.org.br\/contee\/wp-content\/uploads\/2017\/11\/4A8A7437b-681x454.jpg 681w\" alt=\"\" width=\"1000\" height=\"667\" \/><\/a><\/p>\n<p>Durante os trabalhos, Flavio Tonelli Vaz, assessor parlamentar, denunciou que o novo projeto de Reforma Previdenci\u00e1ria, enviado dia 23 ao Congresso, \u201cde novo nada tem. \u00c9 mentira que tenha sido reduzido a quatro pontos. Na verdade, mant\u00e9m o mesmo objetivo de desmontar a Previd\u00eancia p\u00fablica, impedir que os trabalhadores a usufruam, e que era o objetivo do projeto anterior. S\u00f3 mudou, e muito pouco, na quest\u00e3o do tempo de contribui\u00e7\u00e3o da aposentadoria, mas que continua pior do que hoje. \u00c9 uma farsa. Os trabalhadores precisam mobilizar-se para barr\u00e1-lo, pois o governo pode garantir sua aprova\u00e7\u00e3o pelo Congresso\u201d. Sindicalistas das v\u00e1rias regi\u00f5es do pa\u00eds informaram sobre as dificuldades que v\u00eam enfrentando nas negocia\u00e7\u00f5es salariais nas suas bases e opinaram sobre os rumos e objetivos a serem adotados no pr\u00f3ximo ano.<\/p>\n<p>A mesa dos trabalhos foi integrada, al\u00e9m dos dirigentes citados, pelos coordenadores Madalena Guasco, da Secretaria-Geral; Manoel Henrique da Silva Filho, da Secretaria de Pol\u00edticas Sindicais; e Ademar Sgarbossa, da Secretaria de Previd\u00eancia, Aposentados e Pensionistas. No dia 24, re\u00fane-se a Dire\u00e7\u00e3o Executiva da Contee, que deliberar\u00e1 sobre as sugest\u00f5es colhidas durante o Semin\u00e1rio, dentre outros assuntos.<\/p>\n<p>Fonte: Contee<br \/>\nFotos: Enio Fernandes \u2013 TREEMIDIA<\/p>\n<\/div>\n<footer>\n<div class=\"td-post-source-tags td-pb-padding-side\"><\/div>\n<\/footer>\n<\/article>\n<div id=\"comments\" class=\"comments\"><\/div>\n","protected":false},"excerpt":{"rendered":"<p>Os diretores do Sindicato dos Professores de Alagoas (Sinpro\/AL), Eduardo Vasconcelos e Marcelo Porto, estiveram presentes no semin\u00e1rio realizado pela Contee, para discurs\u00e3o sobre a Reforma da Previd\u00eancia e as campanhas salariais para 2018. O encontro foi em Bras\u00edlia, semana passada, nos dias 23 e 24. O coordenador-geral da Contee, Gilson Reis, abriu, dia 23, [&hellip;]<\/p>\n","protected":false},"author":6,"featured_media":4876,"comment_status":"open","ping_status":"open","sticky":false,"template":"","format":"standard","meta":{"footnotes":""},"categories":[4],"tags":[],"class_list":["post-4873","post","type-post","status-publish","format-standard","has-post-thumbnail","hentry","category-noticias-sinpro-al"],"_links":{"self":[{"href":"http:\/\/sinpro-al.com.br\/v2\/index.php?rest_route=\/wp\/v2\/posts\/4873","targetHints":{"allow":["GET"]}}],"collection":[{"href":"http:\/\/sinpro-al.com.br\/v2\/index.php?rest_route=\/wp\/v2\/posts"}],"about":[{"href":"http:\/\/sinpro-al.com.br\/v2\/index.php?rest_route=\/wp\/v2\/types\/post"}],"author":[{"embeddable":true,"href":"http:\/\/sinpro-al.com.br\/v2\/index.php?rest_route=\/wp\/v2\/users\/6"}],"replies":[{"embeddable":true,"href":"http:\/\/sinpro-al.com.br\/v2\/index.php?rest_route=%2Fwp%2Fv2%2Fcomments&post=4873"}],"version-history":[{"count":3,"href":"http:\/\/sinpro-al.com.br\/v2\/index.php?rest_route=\/wp\/v2\/posts\/4873\/revisions"}],"predecessor-version":[{"id":4878,"href":"http:\/\/sinpro-al.com.br\/v2\/index.php?rest_route=\/wp\/v2\/posts\/4873\/revisions\/4878"}],"wp:featuredmedia":[{"embeddable":true,"href":"http:\/\/sinpro-al.com.br\/v2\/index.php?rest_route=\/wp\/v2\/media\/4876"}],"wp:attachment":[{"href":"http:\/\/sinpro-al.com.br\/v2\/index.php?rest_route=%2Fwp%2Fv2%2Fmedia&parent=4873"}],"wp:term":[{"taxonomy":"category","embeddable":true,"href":"http:\/\/sinpro-al.com.br\/v2\/index.php?rest_route=%2Fwp%2Fv2%2Fcategories&post=4873"},{"taxonomy":"post_tag","embeddable":true,"href":"http:\/\/sinpro-al.com.br\/v2\/index.php?rest_route=%2Fwp%2Fv2%2Ftags&post=4873"}],"curies":[{"name":"wp","href":"https:\/\/api.w.org\/{rel}","templated":true}]}}