{"id":4871,"date":"2017-11-27T11:11:31","date_gmt":"2017-11-27T14:11:31","guid":{"rendered":"http:\/\/sinpro-al.com.br\/v2\/?p=4871"},"modified":"2017-11-27T11:11:31","modified_gmt":"2017-11-27T14:11:31","slug":"dobra-numero-de-professores-com-transtornos-mentais-no-brasil","status":"publish","type":"post","link":"http:\/\/sinpro-al.com.br\/v2\/?p=4871","title":{"rendered":"Dobra n\u00famero de professores com transtornos mentais no Brasil"},"content":{"rendered":"<p><strong><i><a href=\"http:\/\/sinpro-al.com.br\/v2\/wp-content\/uploads\/2017\/08\/professor-sem-didatica.jpg\"><img loading=\"lazy\" decoding=\"async\" class=\"size-full wp-image-4446 alignleft\" src=\"http:\/\/sinpro-al.com.br\/v2\/wp-content\/uploads\/2017\/08\/professor-sem-didatica.jpg\" alt=\"\" width=\"300\" height=\"300\" srcset=\"http:\/\/sinpro-al.com.br\/v2\/wp-content\/uploads\/2017\/08\/professor-sem-didatica.jpg 300w, http:\/\/sinpro-al.com.br\/v2\/wp-content\/uploads\/2017\/08\/professor-sem-didatica-150x150.jpg 150w, http:\/\/sinpro-al.com.br\/v2\/wp-content\/uploads\/2017\/08\/professor-sem-didatica-45x45.jpg 45w\" sizes=\"auto, (max-width: 300px) 100vw, 300px\" \/><\/a>Condi\u00e7\u00f5es de trabalho e maus tratos por parte dos alunos s\u00e3o alguns dos principais motivos<\/i><\/strong><i><br \/>\n<\/i><\/p>\n<p>Uma recente pesquisa divulgada pela Globonews afirmou que o n\u00famero de professores de escolas estaduais afastados por transtornos mentais ou comportamentais quase dobrou entre 2015 e 2016. De acordo com a apura\u00e7\u00e3o no ano de 2015, cerca de 25.849 professores apresentaram algum tipo de problema. Em 2016 esse n\u00fameros chegou a 50.046. No ano de 2017, at\u00e9 setembro, houve 27.082 afastamentos de docentes.<\/p>\n<p>Outra pesquisa realizada pela Organiza\u00e7\u00e3o para a Coopera\u00e7\u00e3o e Desenvolvimento Econ\u00f4mico (OCDE) com mais de 100 mil professores e diretores de escolas do segundo ciclo de ensino fundamental revela que o Brasil \u00e9 o pa\u00eds que tem o maior \u00edndice de viol\u00eancia contra professores.<\/p>\n<p>A enquete foi feita com 34 pa\u00edses e constatou que 12,5% dos professores brasileiros j\u00e1 foram v\u00edtimas de agress\u00f5es verbais ou intimida\u00e7\u00e3o de alunos pelo menos uma vez na semana.<\/p>\n<p>Outro pesquisa denominada Trabalho Docente na Educa\u00e7\u00e3o B\u00e1sica do Brasil revela que depress\u00e3o, ansiedade, nervosismo e estresse s\u00e3o algumas das principais causas que levam ao afastamentos de professores. Em declara\u00e7\u00e3o a Confedera\u00e7\u00e3o Nacional dos Trabalhadores da Educa\u00e7\u00e3o (CNTE) afirma que a categpria sofre muito estresse devido \u00e0 quantidade de alunos em sala de aula, baixa remunera\u00e7\u00e3o e pelas m\u00e1s condi\u00e7\u00f5es de trabalho.<\/p>\n<p>&nbsp;<\/p>\n<p>Fonte: Portal Fonte<\/p>\n","protected":false},"excerpt":{"rendered":"<p>Condi\u00e7\u00f5es de trabalho e maus tratos por parte dos alunos s\u00e3o alguns dos principais motivos Uma recente pesquisa divulgada pela Globonews afirmou que o n\u00famero de professores de escolas estaduais afastados por transtornos mentais ou comportamentais quase dobrou entre 2015 e 2016. De acordo com a apura\u00e7\u00e3o no ano de 2015, cerca de 25.849 professores [&hellip;]<\/p>\n","protected":false},"author":6,"featured_media":4446,"comment_status":"open","ping_status":"open","sticky":false,"template":"","format":"standard","meta":{"footnotes":""},"categories":[4],"tags":[],"class_list":["post-4871","post","type-post","status-publish","format-standard","has-post-thumbnail","hentry","category-noticias-sinpro-al"],"_links":{"self":[{"href":"http:\/\/sinpro-al.com.br\/v2\/index.php?rest_route=\/wp\/v2\/posts\/4871","targetHints":{"allow":["GET"]}}],"collection":[{"href":"http:\/\/sinpro-al.com.br\/v2\/index.php?rest_route=\/wp\/v2\/posts"}],"about":[{"href":"http:\/\/sinpro-al.com.br\/v2\/index.php?rest_route=\/wp\/v2\/types\/post"}],"author":[{"embeddable":true,"href":"http:\/\/sinpro-al.com.br\/v2\/index.php?rest_route=\/wp\/v2\/users\/6"}],"replies":[{"embeddable":true,"href":"http:\/\/sinpro-al.com.br\/v2\/index.php?rest_route=%2Fwp%2Fv2%2Fcomments&post=4871"}],"version-history":[{"count":1,"href":"http:\/\/sinpro-al.com.br\/v2\/index.php?rest_route=\/wp\/v2\/posts\/4871\/revisions"}],"predecessor-version":[{"id":4872,"href":"http:\/\/sinpro-al.com.br\/v2\/index.php?rest_route=\/wp\/v2\/posts\/4871\/revisions\/4872"}],"wp:featuredmedia":[{"embeddable":true,"href":"http:\/\/sinpro-al.com.br\/v2\/index.php?rest_route=\/wp\/v2\/media\/4446"}],"wp:attachment":[{"href":"http:\/\/sinpro-al.com.br\/v2\/index.php?rest_route=%2Fwp%2Fv2%2Fmedia&parent=4871"}],"wp:term":[{"taxonomy":"category","embeddable":true,"href":"http:\/\/sinpro-al.com.br\/v2\/index.php?rest_route=%2Fwp%2Fv2%2Fcategories&post=4871"},{"taxonomy":"post_tag","embeddable":true,"href":"http:\/\/sinpro-al.com.br\/v2\/index.php?rest_route=%2Fwp%2Fv2%2Ftags&post=4871"}],"curies":[{"name":"wp","href":"https:\/\/api.w.org\/{rel}","templated":true}]}}