{"id":486,"date":"2014-10-15T08:30:06","date_gmt":"2014-10-15T11:30:06","guid":{"rendered":"http:\/\/sinpro-al.com.br\/v2\/?p=486"},"modified":"2014-10-15T09:19:20","modified_gmt":"2014-10-15T12:19:20","slug":"mensagem-do-sinpro-al-para-o-dia-dos-professores-2","status":"publish","type":"post","link":"http:\/\/sinpro-al.com.br\/v2\/?p=486","title":{"rendered":"Mensagem do Sinpro-AL para o Dia dos Professores"},"content":{"rendered":"<p><a href=\"http:\/\/sinpro-al.com.br\/v2\/wp-content\/uploads\/2014\/10\/dia-do-professor-2014.jpg\"><img loading=\"lazy\" decoding=\"async\" class=\"alignleft  wp-image-478\" src=\"http:\/\/sinpro-al.com.br\/v2\/wp-content\/uploads\/2014\/10\/dia-do-professor-2014.jpg\" alt=\"dia-do-professor-2014\" width=\"309\" height=\"201\" srcset=\"http:\/\/sinpro-al.com.br\/v2\/wp-content\/uploads\/2014\/10\/dia-do-professor-2014.jpg 500w, http:\/\/sinpro-al.com.br\/v2\/wp-content\/uploads\/2014\/10\/dia-do-professor-2014-300x195.jpg 300w\" sizes=\"auto, (max-width: 309px) 100vw, 309px\" \/><\/a><strong>Querido (a) Professor (a)<\/strong><\/p>\n<p>Nesta quarta-feira (15) estamos comemorando o nosso dia e nesta data queremos parabenizar toda a nossa categoria. Temos muito o que comemorar, em especial as conquistas dos \u00faltimos anos, como o fortalecimento do nosso sindicato e o aumento de nossas conquistas trabalhistas.<\/p>\n<p>Contudo, temos que continuar lutando para cada dia mais valorizar nossa profiss\u00e3o. Esta semana, uma pesquisa divulgada pela ag\u00eancia Catho mostrou que os professores com os sal\u00e1rios baixos do pa\u00eds est\u00e3o em Alagoas. Esta realidade deve ser mudada e permaneceremos nessa luta constante, n\u00e3o somente por ganhos salariais, mas pela qualidade no ensino.<\/p>\n<p>Parab\u00e9ns a voc\u00ea que todos os dias contribui para o crescimento do pa\u00eds. Pois uma na\u00e7\u00e3o se desenvolve quando valoriza a sua Educa\u00e7\u00e3o.<\/p>\n<p style=\"text-align: center;\"><strong>Feliz Dia do Professor!<\/strong><\/p>\n<p style=\"text-align: right;\">Fernando Firmino (Presidente do Sinpro-AL)<\/p>\n","protected":false},"excerpt":{"rendered":"<p>Querido (a) Professor (a) Nesta quarta-feira (15) estamos comemorando o nosso dia e nesta data queremos parabenizar toda a nossa categoria. Temos muito o que comemorar, em especial as conquistas dos \u00faltimos anos, como o fortalecimento do nosso sindicato e o aumento de nossas conquistas trabalhistas. Contudo, temos que continuar lutando para cada dia mais [&hellip;]<\/p>\n","protected":false},"author":4,"featured_media":0,"comment_status":"open","ping_status":"open","sticky":false,"template":"","format":"standard","meta":{"footnotes":""},"categories":[1],"tags":[],"class_list":["post-486","post","type-post","status-publish","format-standard","hentry","category-sem-categoria"],"_links":{"self":[{"href":"http:\/\/sinpro-al.com.br\/v2\/index.php?rest_route=\/wp\/v2\/posts\/486","targetHints":{"allow":["GET"]}}],"collection":[{"href":"http:\/\/sinpro-al.com.br\/v2\/index.php?rest_route=\/wp\/v2\/posts"}],"about":[{"href":"http:\/\/sinpro-al.com.br\/v2\/index.php?rest_route=\/wp\/v2\/types\/post"}],"author":[{"embeddable":true,"href":"http:\/\/sinpro-al.com.br\/v2\/index.php?rest_route=\/wp\/v2\/users\/4"}],"replies":[{"embeddable":true,"href":"http:\/\/sinpro-al.com.br\/v2\/index.php?rest_route=%2Fwp%2Fv2%2Fcomments&post=486"}],"version-history":[{"count":2,"href":"http:\/\/sinpro-al.com.br\/v2\/index.php?rest_route=\/wp\/v2\/posts\/486\/revisions"}],"predecessor-version":[{"id":488,"href":"http:\/\/sinpro-al.com.br\/v2\/index.php?rest_route=\/wp\/v2\/posts\/486\/revisions\/488"}],"wp:attachment":[{"href":"http:\/\/sinpro-al.com.br\/v2\/index.php?rest_route=%2Fwp%2Fv2%2Fmedia&parent=486"}],"wp:term":[{"taxonomy":"category","embeddable":true,"href":"http:\/\/sinpro-al.com.br\/v2\/index.php?rest_route=%2Fwp%2Fv2%2Fcategories&post=486"},{"taxonomy":"post_tag","embeddable":true,"href":"http:\/\/sinpro-al.com.br\/v2\/index.php?rest_route=%2Fwp%2Fv2%2Ftags&post=486"}],"curies":[{"name":"wp","href":"https:\/\/api.w.org\/{rel}","templated":true}]}}