{"id":4851,"date":"2017-11-22T17:41:27","date_gmt":"2017-11-22T20:41:27","guid":{"rendered":"http:\/\/sinpro-al.com.br\/v2\/?p=4851"},"modified":"2017-11-22T17:47:19","modified_gmt":"2017-11-22T20:47:19","slug":"sinpro-cultural-jeane-rocha-academia-de-danca-apresenta-o-espetaculo-sem-pe-nem-cabeca","status":"publish","type":"post","link":"http:\/\/sinpro-al.com.br\/v2\/?p=4851","title":{"rendered":"Sinpro Cultural: Jeane Rocha Academia de Dan\u00e7a apresenta o espet\u00e1culo &#8220;Sem P\u00e9 Nem Cabe\u00e7a&#8221;"},"content":{"rendered":"<p><a href=\"http:\/\/sinpro-al.com.br\/v2\/wp-content\/uploads\/2016\/08\/SINPRO-CULTURAL.jpg\"><img loading=\"lazy\" decoding=\"async\" class=\"size-medium wp-image-3012 alignnone\" src=\"http:\/\/sinpro-al.com.br\/v2\/wp-content\/uploads\/2016\/08\/SINPRO-CULTURAL-300x192.jpg\" alt=\"\" width=\"300\" height=\"192\" srcset=\"http:\/\/sinpro-al.com.br\/v2\/wp-content\/uploads\/2016\/08\/SINPRO-CULTURAL-300x192.jpg 300w, http:\/\/sinpro-al.com.br\/v2\/wp-content\/uploads\/2016\/08\/SINPRO-CULTURAL.jpg 725w\" sizes=\"auto, (max-width: 300px) 100vw, 300px\" \/><\/a><\/p>\n<div style=\"width: 400px;\" class=\"wp-video\"><!--[if lt IE 9]><script>document.createElement('video');<\/script><![endif]-->\n<video class=\"wp-video-shortcode\" id=\"video-4851-1\" width=\"400\" height=\"400\" preload=\"metadata\" controls=\"controls\"><source type=\"video\/mp4\" src=\"http:\/\/sinpro-al.com.br\/v2\/wp-content\/uploads\/2017\/11\/23568206_1448616631913853_7259812997437063168_n.mp4?_=1\" \/><a href=\"http:\/\/sinpro-al.com.br\/v2\/wp-content\/uploads\/2017\/11\/23568206_1448616631913853_7259812997437063168_n.mp4\">http:\/\/sinpro-al.com.br\/v2\/wp-content\/uploads\/2017\/11\/23568206_1448616631913853_7259812997437063168_n.mp4<\/a><\/video><\/div>\n<hr \/>\n<p>Entre os dias 24 e 26 de novembro de 2017, o Teatro Gustavo Leite ser\u00e1 palco de uma viagem ao mundo da crian\u00e7a, Intitulado\u00a0<em>Sem P\u00e9 Nem Cabe\u00e7a<\/em>, o espet\u00e1culo deste ano da Jeane Rocha Academia de Dan\u00e7a traz \u00a0brincadeiras, doces, tecnologia, cores e muitos tutus.<\/p>\n<p>O espet\u00e1culo \u00e9 inspirado\u00a0 no avan\u00e7o tecnol\u00f3gico que tem afetado todo o mundo, inclusive as crian\u00e7as, onde brincadeiras de rua, p\u00e9s descal\u00e7os, lambuzar-se e entrar no mundo da imagina\u00e7\u00e3o atrav\u00e9s dos contos t\u00eam sido trocados por jogos eletr\u00f4nicos, redes sociais, s\u00e9ries e novelas infanto-juvenil. A apresenta\u00e7\u00e3o traz um contraponto entre o mundo da crian\u00e7a de hoje com o da crian\u00e7a de antigamente.<\/p>\n<div id=\"attachment_4852\" style=\"width: 356px\" class=\"wp-caption alignleft\"><a href=\"http:\/\/sinpro-al.com.br\/v2\/wp-content\/uploads\/2017\/11\/sem-p\u00e9-nem-cabe\u00e7a.jpg\"><img loading=\"lazy\" decoding=\"async\" aria-describedby=\"caption-attachment-4852\" class=\"wp-image-4852\" src=\"http:\/\/sinpro-al.com.br\/v2\/wp-content\/uploads\/2017\/11\/sem-p\u00e9-nem-cabe\u00e7a-300x111.jpg\" alt=\"\" width=\"346\" height=\"128\" srcset=\"http:\/\/sinpro-al.com.br\/v2\/wp-content\/uploads\/2017\/11\/sem-p\u00e9-nem-cabe\u00e7a-300x111.jpg 300w, http:\/\/sinpro-al.com.br\/v2\/wp-content\/uploads\/2017\/11\/sem-p\u00e9-nem-cabe\u00e7a-768x284.jpg 768w, http:\/\/sinpro-al.com.br\/v2\/wp-content\/uploads\/2017\/11\/sem-p\u00e9-nem-cabe\u00e7a.jpg 851w\" sizes=\"auto, (max-width: 346px) 100vw, 346px\" \/><\/a><p id=\"caption-attachment-4852\" class=\"wp-caption-text\">Clique para ampliar a imagem<\/p><\/div>\n<p>A diretora da escola e bailarina Jeane Rocha, professores e equipe t\u00e9cnica, definem os \u00faltimos detalhes da apresenta\u00e7\u00e3o para o p\u00fablico, que contar\u00e1 com 140 bailarinos e a participa\u00e7\u00e3o do ator Homero Cavalcante. O espet\u00e1culo tem dura\u00e7\u00e3o prevista de duas horas ininterruptas com apresenta\u00e7\u00f5es de ballet cl\u00e1ssico e moderno, jazz, sapateado e street jazz, numa produ\u00e7\u00e3o que mistura dan\u00e7a e teatro.<\/p>\n<p>Os ingressos est\u00e3o \u00e0 venda na escola com valor promocional de R$ 30. Nos dias do evento, os ingressos passar\u00e3o ao valor normal de R$ 60 (inteira) e R$ 30 para a meia-entrada.<\/p>\n<p>Quatro sess\u00f5es do espet\u00e1culo est\u00e3o programadas para os dias 24\/11 (estreia) \u00e0s 20h30 e nos dias 25 e 26 em sess\u00f5es \u00fanicas \u00e0s 17h. Outras informa\u00e7\u00f5es podem ser obtidas com a organizadora do evento, Jeane Rocha por meio do telefone (82) 99433-8896.<\/p>\n","protected":false},"excerpt":{"rendered":"<p>Entre os dias 24 e 26 de novembro de 2017, o Teatro Gustavo Leite ser\u00e1 palco de uma viagem ao mundo da crian\u00e7a, Intitulado\u00a0Sem P\u00e9 Nem Cabe\u00e7a, o espet\u00e1culo deste ano da Jeane Rocha Academia de Dan\u00e7a traz \u00a0brincadeiras, doces, tecnologia, cores e muitos tutus. O espet\u00e1culo \u00e9 inspirado\u00a0 no avan\u00e7o tecnol\u00f3gico que tem afetado [&hellip;]<\/p>\n","protected":false},"author":4,"featured_media":3012,"comment_status":"open","ping_status":"open","sticky":false,"template":"","format":"standard","meta":{"footnotes":""},"categories":[4],"tags":[],"class_list":["post-4851","post","type-post","status-publish","format-standard","has-post-thumbnail","hentry","category-noticias-sinpro-al"],"_links":{"self":[{"href":"http:\/\/sinpro-al.com.br\/v2\/index.php?rest_route=\/wp\/v2\/posts\/4851","targetHints":{"allow":["GET"]}}],"collection":[{"href":"http:\/\/sinpro-al.com.br\/v2\/index.php?rest_route=\/wp\/v2\/posts"}],"about":[{"href":"http:\/\/sinpro-al.com.br\/v2\/index.php?rest_route=\/wp\/v2\/types\/post"}],"author":[{"embeddable":true,"href":"http:\/\/sinpro-al.com.br\/v2\/index.php?rest_route=\/wp\/v2\/users\/4"}],"replies":[{"embeddable":true,"href":"http:\/\/sinpro-al.com.br\/v2\/index.php?rest_route=%2Fwp%2Fv2%2Fcomments&post=4851"}],"version-history":[{"count":6,"href":"http:\/\/sinpro-al.com.br\/v2\/index.php?rest_route=\/wp\/v2\/posts\/4851\/revisions"}],"predecessor-version":[{"id":4859,"href":"http:\/\/sinpro-al.com.br\/v2\/index.php?rest_route=\/wp\/v2\/posts\/4851\/revisions\/4859"}],"wp:featuredmedia":[{"embeddable":true,"href":"http:\/\/sinpro-al.com.br\/v2\/index.php?rest_route=\/wp\/v2\/media\/3012"}],"wp:attachment":[{"href":"http:\/\/sinpro-al.com.br\/v2\/index.php?rest_route=%2Fwp%2Fv2%2Fmedia&parent=4851"}],"wp:term":[{"taxonomy":"category","embeddable":true,"href":"http:\/\/sinpro-al.com.br\/v2\/index.php?rest_route=%2Fwp%2Fv2%2Fcategories&post=4851"},{"taxonomy":"post_tag","embeddable":true,"href":"http:\/\/sinpro-al.com.br\/v2\/index.php?rest_route=%2Fwp%2Fv2%2Ftags&post=4851"}],"curies":[{"name":"wp","href":"https:\/\/api.w.org\/{rel}","templated":true}]}}