{"id":4842,"date":"2017-11-16T14:06:51","date_gmt":"2017-11-16T17:06:51","guid":{"rendered":"http:\/\/sinpro-al.com.br\/v2\/?p=4842"},"modified":"2017-11-16T17:06:08","modified_gmt":"2017-11-16T20:06:08","slug":"sinproal-ira-participar-de-seminario-de-formacao-sindical","status":"publish","type":"post","link":"http:\/\/sinpro-al.com.br\/v2\/?p=4842","title":{"rendered":"Sinpro\/AL ir\u00e1 participar de Semin\u00e1rio de Forma\u00e7\u00e3o Sindical"},"content":{"rendered":"<p><a href=\"http:\/\/sinpro-al.com.br\/v2\/wp-content\/uploads\/2017\/11\/IMG-20171116-WA0012.jpg\"><img loading=\"lazy\" decoding=\"async\" class=\"size-medium wp-image-4843 alignleft\" src=\"http:\/\/sinpro-al.com.br\/v2\/wp-content\/uploads\/2017\/11\/IMG-20171116-WA0012-300x188.jpg\" alt=\"\" width=\"300\" height=\"188\" srcset=\"http:\/\/sinpro-al.com.br\/v2\/wp-content\/uploads\/2017\/11\/IMG-20171116-WA0012-300x188.jpg 300w, http:\/\/sinpro-al.com.br\/v2\/wp-content\/uploads\/2017\/11\/IMG-20171116-WA0012-768x480.jpg 768w, http:\/\/sinpro-al.com.br\/v2\/wp-content\/uploads\/2017\/11\/IMG-20171116-WA0012.jpg 800w\" sizes=\"auto, (max-width: 300px) 100vw, 300px\" \/><\/a>Com o objetivo de debater formas de fortalecimento das entidades sindicais e estimular a difus\u00e3o de conhecimento, a Procuradoria Regional do Trabalho e as centrais sindicais realizar\u00e3o o I Semin\u00e1rio de Forma\u00e7\u00e3o Sindical MPT &#8211; Centrais Sindicais nos dias 23 e 24 de novembro no audit\u00f3rio do Sindicato dos Banc\u00e1rios. Os diretores do Sindicato dos Professores de Alagoas (Sinpro\/AL) estar\u00e3o presentes.<\/p>\n<p>O foco do semin\u00e1rio \u00e9 a Reforma Trabalhista e o Planejamento Sindical. O Procurador do Trabalho C\u00e1ssio Ara\u00fajo Silva destaca que a reforma trabalhista veio para piorar a vida dos trabalhadores. \u201cO outro lado (empres\u00e1rio) diz que ficar\u00e1 melhor, mas ficar\u00e1 melhor para eles. \u00c9 pior ao conjunto da sociedade, porque vai causar o empobrecimento dos trabalhadores, que tamb\u00e9m s\u00e3o consumidores. Isso vai acarretar uma diminui\u00e7\u00e3o do consumo da economia, consequentemente, da produ\u00e7\u00e3o. Vai enriquecer os mais ricos e empobrecer os mais pobres, piorando as condi\u00e7\u00f5es de trabalho\u201d, alerta.<\/p>\n<p>O Procurador do Trabalho revela que a reforma trabalhista n\u00e3o estimula o aperfei\u00e7oamento da economia, dos incentivos para melhorar a tecnologia e a qualifica\u00e7\u00e3o profissional. \u201cO pa\u00eds, ao inv\u00e9s de fortalecer os instrumentos para enfrentar a globaliza\u00e7\u00e3o, est\u00e1 usando instrumento para se enfraquecer. Continuar\u00e1 um exportador de commodities (produtos de origem prim\u00e1ria), de coisa barata com m\u00e3o de obra barata e desqualificada. Se isso vai gerar emprego, vai ser emprego de baixa qualidade\u201d, afirma.<\/p>\n<p>C\u00e1ssio Ara\u00fajo esclarece que um dos grandes pontos da reforma \u00e9 o trabalho intermitente, que, segundo ele, \u00e9 a legaliza\u00e7\u00e3o do bico. \u201cVoc\u00ea vai ter uma carteira de trabalho, mas n\u00e3o ter\u00e1 a garantia que receber\u00e1 sal\u00e1rio, f\u00e9rias, d\u00e9cimo terceiro. \u00c9 um bico com carteira assinada. Voc\u00ea trabalha hoje, mas n\u00e3o sabe quando ser\u00e1 chamado novamente. \u00c9 a legaliza\u00e7\u00e3o da incerteza. Vai ter a carteira assinada, mas sem direitos\u201d.<\/p>\n<p>Encontros<\/p>\n<p>Os representantes das centrais sindicais e sindicatos v\u00e3o se reunir com o Procurador do Trabalho para definir a programa\u00e7\u00e3o do semin\u00e1rio, nesta quinta-feira (16), \u00e0s 14h30, na Procuradoria Regional do Trabalho.<\/p>\n<p>Para a programa\u00e7\u00e3o, j\u00e1 est\u00e3o confirmadas as palestras da professora da Ufal Alba Correia, do presidente da Comiss\u00e3o da OAB\/SP, C\u00e9sar Augusto de Melo, do Humberto Barbosa do Departamento Intersindical de Estat\u00edstica e Estudos Socioecon\u00f4micos (Dieese) e do Procurador do Trabalho C\u00e1ssio Ara\u00fajo.<\/p>\n<p>Semin\u00e1rio<\/p>\n<p>O semin\u00e1rio \u00e9 gratuito ser\u00e1 aberto aos trabalhadores, aos movimentos sociais, aos sindicatos e \u00e0 popula\u00e7\u00e3o em geral. Inscri\u00e7\u00e3o no local do evento.<\/p>\n<p>Das entidades, est\u00e3o participando a CSP-Conlutas, a CTB, Nova Central Sindical de Trabalhadores (NCST), a CUT, a UGT, For\u00e7a Sindical, o Sindipetro-AL, o Sindjus-AL e o Dieese.<\/p>\n<p>Contato:<br \/>\nProcurador do Trabalho C\u00e1ssio Ara\u00fajo &#8211; 82 9-9982-8958<\/p>\n","protected":false},"excerpt":{"rendered":"<p>Com o objetivo de debater formas de fortalecimento das entidades sindicais e estimular a difus\u00e3o de conhecimento, a Procuradoria Regional do Trabalho e as centrais sindicais realizar\u00e3o o I Semin\u00e1rio de Forma\u00e7\u00e3o Sindical MPT &#8211; Centrais Sindicais nos dias 23 e 24 de novembro no audit\u00f3rio do Sindicato dos Banc\u00e1rios. Os diretores do Sindicato dos [&hellip;]<\/p>\n","protected":false},"author":6,"featured_media":4843,"comment_status":"open","ping_status":"open","sticky":false,"template":"","format":"standard","meta":{"footnotes":""},"categories":[4],"tags":[],"class_list":["post-4842","post","type-post","status-publish","format-standard","has-post-thumbnail","hentry","category-noticias-sinpro-al"],"_links":{"self":[{"href":"http:\/\/sinpro-al.com.br\/v2\/index.php?rest_route=\/wp\/v2\/posts\/4842","targetHints":{"allow":["GET"]}}],"collection":[{"href":"http:\/\/sinpro-al.com.br\/v2\/index.php?rest_route=\/wp\/v2\/posts"}],"about":[{"href":"http:\/\/sinpro-al.com.br\/v2\/index.php?rest_route=\/wp\/v2\/types\/post"}],"author":[{"embeddable":true,"href":"http:\/\/sinpro-al.com.br\/v2\/index.php?rest_route=\/wp\/v2\/users\/6"}],"replies":[{"embeddable":true,"href":"http:\/\/sinpro-al.com.br\/v2\/index.php?rest_route=%2Fwp%2Fv2%2Fcomments&post=4842"}],"version-history":[{"count":1,"href":"http:\/\/sinpro-al.com.br\/v2\/index.php?rest_route=\/wp\/v2\/posts\/4842\/revisions"}],"predecessor-version":[{"id":4844,"href":"http:\/\/sinpro-al.com.br\/v2\/index.php?rest_route=\/wp\/v2\/posts\/4842\/revisions\/4844"}],"wp:featuredmedia":[{"embeddable":true,"href":"http:\/\/sinpro-al.com.br\/v2\/index.php?rest_route=\/wp\/v2\/media\/4843"}],"wp:attachment":[{"href":"http:\/\/sinpro-al.com.br\/v2\/index.php?rest_route=%2Fwp%2Fv2%2Fmedia&parent=4842"}],"wp:term":[{"taxonomy":"category","embeddable":true,"href":"http:\/\/sinpro-al.com.br\/v2\/index.php?rest_route=%2Fwp%2Fv2%2Fcategories&post=4842"},{"taxonomy":"post_tag","embeddable":true,"href":"http:\/\/sinpro-al.com.br\/v2\/index.php?rest_route=%2Fwp%2Fv2%2Ftags&post=4842"}],"curies":[{"name":"wp","href":"https:\/\/api.w.org\/{rel}","templated":true}]}}