{"id":4823,"date":"2017-11-10T11:44:38","date_gmt":"2017-11-10T14:44:38","guid":{"rendered":"http:\/\/sinpro-al.com.br\/v2\/?p=4823"},"modified":"2017-11-10T11:44:38","modified_gmt":"2017-11-10T14:44:38","slug":"presidente-do-sinproal-cumpre-agenda-em-penedo","status":"publish","type":"post","link":"http:\/\/sinpro-al.com.br\/v2\/?p=4823","title":{"rendered":"Presidente do Sinpro\/AL cumpre agenda em Penedo"},"content":{"rendered":"<p><a href=\"http:\/\/sinpro-al.com.br\/v2\/wp-content\/uploads\/2017\/11\/23316280_1328540240606470_1304351307519317687_n.jpg\"><img loading=\"lazy\" decoding=\"async\" class=\"size-medium wp-image-4824 alignleft\" src=\"http:\/\/sinpro-al.com.br\/v2\/wp-content\/uploads\/2017\/11\/23316280_1328540240606470_1304351307519317687_n-300x300.jpg\" alt=\"\" width=\"300\" height=\"300\" srcset=\"http:\/\/sinpro-al.com.br\/v2\/wp-content\/uploads\/2017\/11\/23316280_1328540240606470_1304351307519317687_n-300x300.jpg 300w, http:\/\/sinpro-al.com.br\/v2\/wp-content\/uploads\/2017\/11\/23316280_1328540240606470_1304351307519317687_n-150x150.jpg 150w, http:\/\/sinpro-al.com.br\/v2\/wp-content\/uploads\/2017\/11\/23316280_1328540240606470_1304351307519317687_n-768x768.jpg 768w, http:\/\/sinpro-al.com.br\/v2\/wp-content\/uploads\/2017\/11\/23316280_1328540240606470_1304351307519317687_n-45x45.jpg 45w, http:\/\/sinpro-al.com.br\/v2\/wp-content\/uploads\/2017\/11\/23316280_1328540240606470_1304351307519317687_n.jpg 960w\" sizes=\"auto, (max-width: 300px) 100vw, 300px\" \/><\/a>O presidente do Sindicato dos Professores de Alagoas (Sinpro\/AL), Eduardo Vasconcelos, encaminhou \u00e0 C\u00e2mara Municipal de Penedo o projeto que fica vedado \u00e0 administra\u00e7\u00e3o p\u00fablica direta e indireta negar efeito aos t\u00edtulos de p\u00f3s-gradua\u00e7\u00e3o strictu sensu, obtidos de forma integralmente presencial em Universidades nos pa\u00edses do Mercosul e em Portugal.<\/p>\n<p>O dia em Penedo foi intenso, v\u00e1rias entrevistas foram concedidas \u00e0 R\u00e1dio Penedo FM, \u00e0 R\u00e1dio Gra<span class=\"text_exposed_show\">nde Rio FM e \u00e0 R\u00e1dio Franc\u00eas FM. A dire\u00e7\u00e3o do Sindicato agradece aos radialistas Rafael Medeiros, Jo\u00e3o Lucas e Raul Rodrigues pelo espa\u00e7o concedido e pela receptividade.<\/span><\/p>\n<div class=\"text_exposed_show\">\n<p>\u00c0 tarde, o presidente da unidade classista, esteve presente na sess\u00e3o da C\u00e2mara de Vereadores de Penedo, onde teve a oportunidade de apresentar o projeto de lei aos vereadores da cidade hist\u00f3rica ribeirinha.<\/p>\n<p>Agradecemos a todos os vereadores e a vereadora presentes na sess\u00e3o, mas em especial aos vereadores Ant\u00f4nio J\u00fanior, presidente da Casa Legislativa, Derivan, Nelsinho, Fl\u00e1vio e Jo\u00e3o Lucas<\/p>\n<p>\u201cA admissibilidade de diploma estrangeiro vai assegurar a atua\u00e7\u00e3o de professores capacitados, o que implica na melhoria da qualidade de ensino e, como consequ\u00eancia, na melhoria dos indicativos na \u00e1rea educacional de Alagoas, junto ao Minist\u00e9rio da Educa\u00e7\u00e3o (MEC), e melhores resultados nas avalia\u00e7\u00f5es nacionais e internacionais\u201d, enfatizou o professor Eduardo.<\/p>\n<p>Somos professores com orgulho e exigimos respeito!<\/p>\n<\/div>\n","protected":false},"excerpt":{"rendered":"<p>O presidente do Sindicato dos Professores de Alagoas (Sinpro\/AL), Eduardo Vasconcelos, encaminhou \u00e0 C\u00e2mara Municipal de Penedo o projeto que fica vedado \u00e0 administra\u00e7\u00e3o p\u00fablica direta e indireta negar efeito aos t\u00edtulos de p\u00f3s-gradua\u00e7\u00e3o strictu sensu, obtidos de forma integralmente presencial em Universidades nos pa\u00edses do Mercosul e em Portugal. O dia em Penedo foi [&hellip;]<\/p>\n","protected":false},"author":6,"featured_media":4824,"comment_status":"open","ping_status":"open","sticky":false,"template":"","format":"standard","meta":{"footnotes":""},"categories":[4],"tags":[],"class_list":["post-4823","post","type-post","status-publish","format-standard","has-post-thumbnail","hentry","category-noticias-sinpro-al"],"_links":{"self":[{"href":"http:\/\/sinpro-al.com.br\/v2\/index.php?rest_route=\/wp\/v2\/posts\/4823","targetHints":{"allow":["GET"]}}],"collection":[{"href":"http:\/\/sinpro-al.com.br\/v2\/index.php?rest_route=\/wp\/v2\/posts"}],"about":[{"href":"http:\/\/sinpro-al.com.br\/v2\/index.php?rest_route=\/wp\/v2\/types\/post"}],"author":[{"embeddable":true,"href":"http:\/\/sinpro-al.com.br\/v2\/index.php?rest_route=\/wp\/v2\/users\/6"}],"replies":[{"embeddable":true,"href":"http:\/\/sinpro-al.com.br\/v2\/index.php?rest_route=%2Fwp%2Fv2%2Fcomments&post=4823"}],"version-history":[{"count":1,"href":"http:\/\/sinpro-al.com.br\/v2\/index.php?rest_route=\/wp\/v2\/posts\/4823\/revisions"}],"predecessor-version":[{"id":4825,"href":"http:\/\/sinpro-al.com.br\/v2\/index.php?rest_route=\/wp\/v2\/posts\/4823\/revisions\/4825"}],"wp:featuredmedia":[{"embeddable":true,"href":"http:\/\/sinpro-al.com.br\/v2\/index.php?rest_route=\/wp\/v2\/media\/4824"}],"wp:attachment":[{"href":"http:\/\/sinpro-al.com.br\/v2\/index.php?rest_route=%2Fwp%2Fv2%2Fmedia&parent=4823"}],"wp:term":[{"taxonomy":"category","embeddable":true,"href":"http:\/\/sinpro-al.com.br\/v2\/index.php?rest_route=%2Fwp%2Fv2%2Fcategories&post=4823"},{"taxonomy":"post_tag","embeddable":true,"href":"http:\/\/sinpro-al.com.br\/v2\/index.php?rest_route=%2Fwp%2Fv2%2Ftags&post=4823"}],"curies":[{"name":"wp","href":"https:\/\/api.w.org\/{rel}","templated":true}]}}