{"id":4813,"date":"2017-11-09T10:36:05","date_gmt":"2017-11-09T13:36:05","guid":{"rendered":"http:\/\/sinpro-al.com.br\/v2\/?p=4813"},"modified":"2017-11-09T10:36:05","modified_gmt":"2017-11-09T13:36:05","slug":"sinproal-apoia-dia-nacional-de-paralisacao","status":"publish","type":"post","link":"http:\/\/sinpro-al.com.br\/v2\/?p=4813","title":{"rendered":"Sinpro\/AL apoia \u201cDia Nacional de Paralisa\u00e7\u00e3o&#8221;"},"content":{"rendered":"<p><a href=\"http:\/\/sinpro-al.com.br\/v2\/wp-content\/uploads\/2017\/11\/vamos-parar-o-brasil.jpg\"><img loading=\"lazy\" decoding=\"async\" class=\"alignleft size-medium wp-image-4814\" src=\"http:\/\/sinpro-al.com.br\/v2\/wp-content\/uploads\/2017\/11\/vamos-parar-o-brasil-242x300.jpg\" alt=\"\" width=\"242\" height=\"300\" srcset=\"http:\/\/sinpro-al.com.br\/v2\/wp-content\/uploads\/2017\/11\/vamos-parar-o-brasil-242x300.jpg 242w, http:\/\/sinpro-al.com.br\/v2\/wp-content\/uploads\/2017\/11\/vamos-parar-o-brasil.jpg 390w\" sizes=\"auto, (max-width: 242px) 100vw, 242px\" \/><\/a>No pr\u00f3ximo s\u00e1bado, 11 de novembro, entrar\u00e1 em vigor a Reforma Trabalhista, um\u00a0dos maiores ataques aos direitos da classe trabalhadora na hist\u00f3ria do Brasil.\u00a0Um dia antes, 10, nessa sexta, as centrais sindicais e seus sindicatos filiados organizaram o &#8220;Dia Nacional de Paralisa\u00e7\u00e3o&#8221;, que pretende denunciar os retrocessos promovidos pelo governo ileg\u00edtimo de Michel Temer.<\/p>\n<p>Ocorrer\u00e3o manifesta\u00e7\u00f5es em todos os estados, mostrando \u00e0 popula\u00e7\u00e3o as mazelas que o governo j\u00e1 trouxe \u00e0 vida do trabalhador e o que ainda pode ser aprovado, como a Reforma da Previd\u00eancia, que dificultar\u00e1 o acesso \u00e0 aposentadoria.<\/p>\n<p>A diretoria do Sindicato dos Professores de Alagoas (Sinpro\/AL) ir\u00e1 marcar presen\u00e7a no ato em defesa dos trabalhadores brasileiros.<\/p>\n<p><strong>Onde ser\u00e1 a manifesta\u00e7\u00e3o em Alagoas?<\/strong><\/p>\n<p>\u00c0s 8h na Pra\u00e7a Sinimbu, em Macei\u00f3.<\/p>\n","protected":false},"excerpt":{"rendered":"<p>No pr\u00f3ximo s\u00e1bado, 11 de novembro, entrar\u00e1 em vigor a Reforma Trabalhista, um\u00a0dos maiores ataques aos direitos da classe trabalhadora na hist\u00f3ria do Brasil.\u00a0Um dia antes, 10, nessa sexta, as centrais sindicais e seus sindicatos filiados organizaram o &#8220;Dia Nacional de Paralisa\u00e7\u00e3o&#8221;, que pretende denunciar os retrocessos promovidos pelo governo ileg\u00edtimo de Michel Temer. Ocorrer\u00e3o [&hellip;]<\/p>\n","protected":false},"author":4,"featured_media":4814,"comment_status":"open","ping_status":"open","sticky":false,"template":"","format":"standard","meta":{"footnotes":""},"categories":[4],"tags":[],"class_list":["post-4813","post","type-post","status-publish","format-standard","has-post-thumbnail","hentry","category-noticias-sinpro-al"],"_links":{"self":[{"href":"http:\/\/sinpro-al.com.br\/v2\/index.php?rest_route=\/wp\/v2\/posts\/4813","targetHints":{"allow":["GET"]}}],"collection":[{"href":"http:\/\/sinpro-al.com.br\/v2\/index.php?rest_route=\/wp\/v2\/posts"}],"about":[{"href":"http:\/\/sinpro-al.com.br\/v2\/index.php?rest_route=\/wp\/v2\/types\/post"}],"author":[{"embeddable":true,"href":"http:\/\/sinpro-al.com.br\/v2\/index.php?rest_route=\/wp\/v2\/users\/4"}],"replies":[{"embeddable":true,"href":"http:\/\/sinpro-al.com.br\/v2\/index.php?rest_route=%2Fwp%2Fv2%2Fcomments&post=4813"}],"version-history":[{"count":1,"href":"http:\/\/sinpro-al.com.br\/v2\/index.php?rest_route=\/wp\/v2\/posts\/4813\/revisions"}],"predecessor-version":[{"id":4815,"href":"http:\/\/sinpro-al.com.br\/v2\/index.php?rest_route=\/wp\/v2\/posts\/4813\/revisions\/4815"}],"wp:featuredmedia":[{"embeddable":true,"href":"http:\/\/sinpro-al.com.br\/v2\/index.php?rest_route=\/wp\/v2\/media\/4814"}],"wp:attachment":[{"href":"http:\/\/sinpro-al.com.br\/v2\/index.php?rest_route=%2Fwp%2Fv2%2Fmedia&parent=4813"}],"wp:term":[{"taxonomy":"category","embeddable":true,"href":"http:\/\/sinpro-al.com.br\/v2\/index.php?rest_route=%2Fwp%2Fv2%2Fcategories&post=4813"},{"taxonomy":"post_tag","embeddable":true,"href":"http:\/\/sinpro-al.com.br\/v2\/index.php?rest_route=%2Fwp%2Fv2%2Ftags&post=4813"}],"curies":[{"name":"wp","href":"https:\/\/api.w.org\/{rel}","templated":true}]}}