{"id":4792,"date":"2017-11-07T14:16:02","date_gmt":"2017-11-07T17:16:02","guid":{"rendered":"http:\/\/sinpro-al.com.br\/v2\/?p=4792"},"modified":"2017-11-07T14:16:33","modified_gmt":"2017-11-07T17:16:33","slug":"presidente-do-sinproal-apresenta-projeto-para-parlamentares","status":"publish","type":"post","link":"http:\/\/sinpro-al.com.br\/v2\/?p=4792","title":{"rendered":"Presidente do Sinpro\/AL apresenta projeto para parlamentares"},"content":{"rendered":"<div id=\"attachment_4794\" style=\"width: 310px\" class=\"wp-caption alignleft\"><a href=\"http:\/\/sinpro-al.com.br\/v2\/wp-content\/uploads\/2017\/11\/eduardo-e-ronaldo.jpg\"><img loading=\"lazy\" decoding=\"async\" aria-describedby=\"caption-attachment-4794\" class=\"wp-image-4794 size-medium\" src=\"http:\/\/sinpro-al.com.br\/v2\/wp-content\/uploads\/2017\/11\/eduardo-e-ronaldo-300x169.jpg\" alt=\"\" width=\"300\" height=\"169\" srcset=\"http:\/\/sinpro-al.com.br\/v2\/wp-content\/uploads\/2017\/11\/eduardo-e-ronaldo-300x169.jpg 300w, http:\/\/sinpro-al.com.br\/v2\/wp-content\/uploads\/2017\/11\/eduardo-e-ronaldo-768x432.jpg 768w, http:\/\/sinpro-al.com.br\/v2\/wp-content\/uploads\/2017\/11\/eduardo-e-ronaldo-1024x576.jpg 1024w\" sizes=\"auto, (max-width: 300px) 100vw, 300px\" \/><\/a><p id=\"caption-attachment-4794\" class=\"wp-caption-text\">Presidente do Sinpro \/AL, Eduardo Vasconcelos, e o l\u00edder do Governo na Assembleia, Ronaldo Medeiros<\/p><\/div>\n<p>O presidente do Sindicato dos Professores de Alagoas, Eduardo Vasconcelos, encaminhou para Assembleia Legislativa de Alagoas e para C\u00e2mara Municipal de Rio Largo um projeto que fica vedado \u00e0 administra\u00e7\u00e3o p\u00fablica direta e indireta negar efeito aos t\u00edtulos de p\u00f3s-gradua\u00e7\u00e3o strictu sensu, obtidos de forma integralmente presencial em Universidades nos pa\u00edses do Mercosul e em Portugal.<\/p>\n<p>A medida visa o reconhecimento dos educadores das redes estadual e municipal de ensino, para as C\u00e2maras que o projeto est\u00e3o sendo enviados, que possuem o diploma \u201cestrangeiro\u201d.<\/p>\n<p>O presidente do Sinpro\/AL esteve reunido com o l\u00edder do governo, Ronaldo Medeiros, na Assembleia Legislativa para apresentar a import\u00e2ncia do projeto para os professores e a sociedade, de um modo geral.<\/p>\n<div id=\"attachment_4793\" style=\"width: 310px\" class=\"wp-caption alignleft\"><a href=\"http:\/\/sinpro-al.com.br\/v2\/wp-content\/uploads\/2017\/11\/zeca-farias-e-eduardo.jpg\"><img loading=\"lazy\" decoding=\"async\" aria-describedby=\"caption-attachment-4793\" class=\"wp-image-4793 size-medium\" src=\"http:\/\/sinpro-al.com.br\/v2\/wp-content\/uploads\/2017\/11\/zeca-farias-e-eduardo-300x190.jpg\" alt=\"\" width=\"300\" height=\"190\" srcset=\"http:\/\/sinpro-al.com.br\/v2\/wp-content\/uploads\/2017\/11\/zeca-farias-e-eduardo-300x190.jpg 300w, http:\/\/sinpro-al.com.br\/v2\/wp-content\/uploads\/2017\/11\/zeca-farias-e-eduardo-768x486.jpg 768w, http:\/\/sinpro-al.com.br\/v2\/wp-content\/uploads\/2017\/11\/zeca-farias-e-eduardo.jpg 960w\" sizes=\"auto, (max-width: 300px) 100vw, 300px\" \/><\/a><p id=\"caption-attachment-4793\" class=\"wp-caption-text\">Vasconcelos e Zeca Farias<\/p><\/div>\n<p>J\u00e1 em Rio Largo, Vasconcelos exp\u00f4s o projeto de admissibilidade de diploma para o presidente da C\u00e2mara, Zeca Farias. \u00a0O parlamentar se colou \u00e0 disposi\u00e7\u00e3o para levar a bandeira da aprova\u00e7\u00e3o do projeto.<\/p>\n<p>\u201cA admissibilidade de diploma estrangeiro vai assegurar a atua\u00e7\u00e3o de professores capacitados, o que implica na melhoria da qualidade de ensino e, como consequ\u00eancia, na melhoria dos indicativos na \u00e1rea educacional de Alagoas, junto ao Minist\u00e9rio da Educa\u00e7\u00e3o (MEC), e melhores resultados nas avalia\u00e7\u00f5es nacionais e internacionais\u201d, enfatizou o professor Eduardo.<\/p>\n<p>Somos professores com orgulho e exigimos respeito!<\/p>\n<p>&nbsp;<\/p>\n","protected":false},"excerpt":{"rendered":"<p>O presidente do Sindicato dos Professores de Alagoas, Eduardo Vasconcelos, encaminhou para Assembleia Legislativa de Alagoas e para C\u00e2mara Municipal de Rio Largo um projeto que fica vedado \u00e0 administra\u00e7\u00e3o p\u00fablica direta e indireta negar efeito aos t\u00edtulos de p\u00f3s-gradua\u00e7\u00e3o strictu sensu, obtidos de forma integralmente presencial em Universidades nos pa\u00edses do Mercosul e em [&hellip;]<\/p>\n","protected":false},"author":4,"featured_media":4793,"comment_status":"open","ping_status":"open","sticky":false,"template":"","format":"standard","meta":{"footnotes":""},"categories":[4],"tags":[],"class_list":["post-4792","post","type-post","status-publish","format-standard","has-post-thumbnail","hentry","category-noticias-sinpro-al"],"_links":{"self":[{"href":"http:\/\/sinpro-al.com.br\/v2\/index.php?rest_route=\/wp\/v2\/posts\/4792","targetHints":{"allow":["GET"]}}],"collection":[{"href":"http:\/\/sinpro-al.com.br\/v2\/index.php?rest_route=\/wp\/v2\/posts"}],"about":[{"href":"http:\/\/sinpro-al.com.br\/v2\/index.php?rest_route=\/wp\/v2\/types\/post"}],"author":[{"embeddable":true,"href":"http:\/\/sinpro-al.com.br\/v2\/index.php?rest_route=\/wp\/v2\/users\/4"}],"replies":[{"embeddable":true,"href":"http:\/\/sinpro-al.com.br\/v2\/index.php?rest_route=%2Fwp%2Fv2%2Fcomments&post=4792"}],"version-history":[{"count":1,"href":"http:\/\/sinpro-al.com.br\/v2\/index.php?rest_route=\/wp\/v2\/posts\/4792\/revisions"}],"predecessor-version":[{"id":4795,"href":"http:\/\/sinpro-al.com.br\/v2\/index.php?rest_route=\/wp\/v2\/posts\/4792\/revisions\/4795"}],"wp:featuredmedia":[{"embeddable":true,"href":"http:\/\/sinpro-al.com.br\/v2\/index.php?rest_route=\/wp\/v2\/media\/4793"}],"wp:attachment":[{"href":"http:\/\/sinpro-al.com.br\/v2\/index.php?rest_route=%2Fwp%2Fv2%2Fmedia&parent=4792"}],"wp:term":[{"taxonomy":"category","embeddable":true,"href":"http:\/\/sinpro-al.com.br\/v2\/index.php?rest_route=%2Fwp%2Fv2%2Fcategories&post=4792"},{"taxonomy":"post_tag","embeddable":true,"href":"http:\/\/sinpro-al.com.br\/v2\/index.php?rest_route=%2Fwp%2Fv2%2Ftags&post=4792"}],"curies":[{"name":"wp","href":"https:\/\/api.w.org\/{rel}","templated":true}]}}