{"id":4768,"date":"2017-10-30T16:06:23","date_gmt":"2017-10-30T19:06:23","guid":{"rendered":"http:\/\/sinpro-al.com.br\/v2\/?p=4768"},"modified":"2017-10-30T16:06:23","modified_gmt":"2017-10-30T19:06:23","slug":"forca-odilon","status":"publish","type":"post","link":"http:\/\/sinpro-al.com.br\/v2\/?p=4768","title":{"rendered":"For\u00e7a, Odilon!"},"content":{"rendered":"<div id=\"attachment_4769\" style=\"width: 276px\" class=\"wp-caption alignleft\"><a href=\"http:\/\/sinpro-al.com.br\/v2\/wp-content\/uploads\/2017\/10\/WhatsApp-Image-2017-10-30-at-16.05.15.jpeg\"><img loading=\"lazy\" decoding=\"async\" aria-describedby=\"caption-attachment-4769\" class=\"size-medium wp-image-4769\" src=\"http:\/\/sinpro-al.com.br\/v2\/wp-content\/uploads\/2017\/10\/WhatsApp-Image-2017-10-30-at-16.05.15-266x300.jpeg\" alt=\"\" width=\"266\" height=\"300\" srcset=\"http:\/\/sinpro-al.com.br\/v2\/wp-content\/uploads\/2017\/10\/WhatsApp-Image-2017-10-30-at-16.05.15-266x300.jpeg 266w, http:\/\/sinpro-al.com.br\/v2\/wp-content\/uploads\/2017\/10\/WhatsApp-Image-2017-10-30-at-16.05.15.jpeg 482w\" sizes=\"auto, (max-width: 266px) 100vw, 266px\" \/><\/a><p id=\"caption-attachment-4769\" class=\"wp-caption-text\">Professor Valdeci Odilon<\/p><\/div>\n<p>O Sindicato dos Professores de Alagoas (Sinpro\/AL) lamenta o acidente que ocorreu, ontem, com o Professor Valdeci Odilon e sua fam\u00edlia, na Barra de S\u00e3o Miguel.<\/p>\n<p>Prestamos condol\u00eancias pelo falecimento de sua esposa e torcemos pela recupera\u00e7\u00e3o de Odilon e seu filho. Ambos est\u00e3o internados no Hospital Geral do Estado (HGE), em estado grave.<\/p>\n<p>Valdeci Odilon \u00e9 professor nos col\u00e9gios Montessori e Di\u00f3genes Juc\u00e1. Ressaltamos nosso total apoio \u00e1 fam\u00edlia.<\/p>\n<p>Somos professores com orgulho e exigimos respeito!<\/p>\n","protected":false},"excerpt":{"rendered":"<p>O Sindicato dos Professores de Alagoas (Sinpro\/AL) lamenta o acidente que ocorreu, ontem, com o Professor Valdeci Odilon e sua fam\u00edlia, na Barra de S\u00e3o Miguel. Prestamos condol\u00eancias pelo falecimento de sua esposa e torcemos pela recupera\u00e7\u00e3o de Odilon e seu filho. Ambos est\u00e3o internados no Hospital Geral do Estado (HGE), em estado grave. Valdeci [&hellip;]<\/p>\n","protected":false},"author":6,"featured_media":4769,"comment_status":"open","ping_status":"open","sticky":false,"template":"","format":"standard","meta":{"footnotes":""},"categories":[4],"tags":[],"class_list":["post-4768","post","type-post","status-publish","format-standard","has-post-thumbnail","hentry","category-noticias-sinpro-al"],"_links":{"self":[{"href":"http:\/\/sinpro-al.com.br\/v2\/index.php?rest_route=\/wp\/v2\/posts\/4768","targetHints":{"allow":["GET"]}}],"collection":[{"href":"http:\/\/sinpro-al.com.br\/v2\/index.php?rest_route=\/wp\/v2\/posts"}],"about":[{"href":"http:\/\/sinpro-al.com.br\/v2\/index.php?rest_route=\/wp\/v2\/types\/post"}],"author":[{"embeddable":true,"href":"http:\/\/sinpro-al.com.br\/v2\/index.php?rest_route=\/wp\/v2\/users\/6"}],"replies":[{"embeddable":true,"href":"http:\/\/sinpro-al.com.br\/v2\/index.php?rest_route=%2Fwp%2Fv2%2Fcomments&post=4768"}],"version-history":[{"count":1,"href":"http:\/\/sinpro-al.com.br\/v2\/index.php?rest_route=\/wp\/v2\/posts\/4768\/revisions"}],"predecessor-version":[{"id":4770,"href":"http:\/\/sinpro-al.com.br\/v2\/index.php?rest_route=\/wp\/v2\/posts\/4768\/revisions\/4770"}],"wp:featuredmedia":[{"embeddable":true,"href":"http:\/\/sinpro-al.com.br\/v2\/index.php?rest_route=\/wp\/v2\/media\/4769"}],"wp:attachment":[{"href":"http:\/\/sinpro-al.com.br\/v2\/index.php?rest_route=%2Fwp%2Fv2%2Fmedia&parent=4768"}],"wp:term":[{"taxonomy":"category","embeddable":true,"href":"http:\/\/sinpro-al.com.br\/v2\/index.php?rest_route=%2Fwp%2Fv2%2Fcategories&post=4768"},{"taxonomy":"post_tag","embeddable":true,"href":"http:\/\/sinpro-al.com.br\/v2\/index.php?rest_route=%2Fwp%2Fv2%2Ftags&post=4768"}],"curies":[{"name":"wp","href":"https:\/\/api.w.org\/{rel}","templated":true}]}}