{"id":4759,"date":"2017-10-26T14:09:10","date_gmt":"2017-10-26T17:09:10","guid":{"rendered":"http:\/\/sinpro-al.com.br\/v2\/?p=4759"},"modified":"2017-10-26T14:10:18","modified_gmt":"2017-10-26T17:10:18","slug":"sinpro-solidario-diretores-do-sinproal-realizaram-entrega-de-doacoes-em-rio-largo","status":"publish","type":"post","link":"http:\/\/sinpro-al.com.br\/v2\/?p=4759","title":{"rendered":"Sinpro Solid\u00e1rio: diretores do Sinpro\/AL realizaram entrega de doa\u00e7\u00f5es em Rio Largo"},"content":{"rendered":"<p><a href=\"http:\/\/sinpro-al.com.br\/v2\/wp-content\/uploads\/2017\/10\/jarbas-oiticica.jpg\"><img loading=\"lazy\" decoding=\"async\" class=\"alignleft size-medium wp-image-4760\" src=\"http:\/\/sinpro-al.com.br\/v2\/wp-content\/uploads\/2017\/10\/jarbas-oiticica-300x283.jpg\" alt=\"\" width=\"300\" height=\"283\" srcset=\"http:\/\/sinpro-al.com.br\/v2\/wp-content\/uploads\/2017\/10\/jarbas-oiticica-300x283.jpg 300w, http:\/\/sinpro-al.com.br\/v2\/wp-content\/uploads\/2017\/10\/jarbas-oiticica.jpg 716w\" sizes=\"auto, (max-width: 300px) 100vw, 300px\" \/><\/a>Ap\u00f3s os \u201cAul\u00f5es\u201d realizados nas Escolas Margarez Lacet e Pedro Teixeira, ambos em Macei\u00f3, foram arrecadados alimentos e roupas que foram doadas para comunidade Jarbas Oiticica, localizada no munic\u00edpio de Rio Largo.<\/p>\n<p>Os alimentos e as roupas foram o ingresso para que os estudantes pudessem participar das aulas de diversas disciplinas preparat\u00f3rias para o Enem.<\/p>\n<p>A iniciativa faz parte da campanha permanente do Sindicato dos Professores de Alagoas intitulada \u201cSinpro Solid\u00e1rio\u201d, que visa atrav\u00e9s de a\u00e7\u00f5es coletivas ajudar o pr\u00f3ximo.<\/p>\n<p>Somos professores com orgulho e exigimos respeito!<\/p>\n<p><a href=\"http:\/\/sinpro-al.com.br\/v2\/wp-content\/uploads\/2017\/10\/jarbas-oiticica-2.jpg\"><img loading=\"lazy\" decoding=\"async\" class=\"alignleft size-medium wp-image-4761\" src=\"http:\/\/sinpro-al.com.br\/v2\/wp-content\/uploads\/2017\/10\/jarbas-oiticica-2-300x252.jpg\" alt=\"\" width=\"300\" height=\"252\" srcset=\"http:\/\/sinpro-al.com.br\/v2\/wp-content\/uploads\/2017\/10\/jarbas-oiticica-2-300x252.jpg 300w, http:\/\/sinpro-al.com.br\/v2\/wp-content\/uploads\/2017\/10\/jarbas-oiticica-2.jpg 732w\" sizes=\"auto, (max-width: 300px) 100vw, 300px\" \/><\/a><\/p>\n","protected":false},"excerpt":{"rendered":"<p>Ap\u00f3s os \u201cAul\u00f5es\u201d realizados nas Escolas Margarez Lacet e Pedro Teixeira, ambos em Macei\u00f3, foram arrecadados alimentos e roupas que foram doadas para comunidade Jarbas Oiticica, localizada no munic\u00edpio de Rio Largo. Os alimentos e as roupas foram o ingresso para que os estudantes pudessem participar das aulas de diversas disciplinas preparat\u00f3rias para o Enem. [&hellip;]<\/p>\n","protected":false},"author":4,"featured_media":4760,"comment_status":"open","ping_status":"open","sticky":false,"template":"","format":"standard","meta":{"footnotes":""},"categories":[4],"tags":[],"class_list":["post-4759","post","type-post","status-publish","format-standard","has-post-thumbnail","hentry","category-noticias-sinpro-al"],"_links":{"self":[{"href":"http:\/\/sinpro-al.com.br\/v2\/index.php?rest_route=\/wp\/v2\/posts\/4759","targetHints":{"allow":["GET"]}}],"collection":[{"href":"http:\/\/sinpro-al.com.br\/v2\/index.php?rest_route=\/wp\/v2\/posts"}],"about":[{"href":"http:\/\/sinpro-al.com.br\/v2\/index.php?rest_route=\/wp\/v2\/types\/post"}],"author":[{"embeddable":true,"href":"http:\/\/sinpro-al.com.br\/v2\/index.php?rest_route=\/wp\/v2\/users\/4"}],"replies":[{"embeddable":true,"href":"http:\/\/sinpro-al.com.br\/v2\/index.php?rest_route=%2Fwp%2Fv2%2Fcomments&post=4759"}],"version-history":[{"count":1,"href":"http:\/\/sinpro-al.com.br\/v2\/index.php?rest_route=\/wp\/v2\/posts\/4759\/revisions"}],"predecessor-version":[{"id":4762,"href":"http:\/\/sinpro-al.com.br\/v2\/index.php?rest_route=\/wp\/v2\/posts\/4759\/revisions\/4762"}],"wp:featuredmedia":[{"embeddable":true,"href":"http:\/\/sinpro-al.com.br\/v2\/index.php?rest_route=\/wp\/v2\/media\/4760"}],"wp:attachment":[{"href":"http:\/\/sinpro-al.com.br\/v2\/index.php?rest_route=%2Fwp%2Fv2%2Fmedia&parent=4759"}],"wp:term":[{"taxonomy":"category","embeddable":true,"href":"http:\/\/sinpro-al.com.br\/v2\/index.php?rest_route=%2Fwp%2Fv2%2Fcategories&post=4759"},{"taxonomy":"post_tag","embeddable":true,"href":"http:\/\/sinpro-al.com.br\/v2\/index.php?rest_route=%2Fwp%2Fv2%2Ftags&post=4759"}],"curies":[{"name":"wp","href":"https:\/\/api.w.org\/{rel}","templated":true}]}}