{"id":4755,"date":"2017-10-26T13:28:25","date_gmt":"2017-10-26T16:28:25","guid":{"rendered":"http:\/\/sinpro-al.com.br\/v2\/?p=4755"},"modified":"2017-10-26T13:28:47","modified_gmt":"2017-10-26T16:28:47","slug":"saude-do-professor-uncisal-atende-professores-da-rede-privada-de-ensino","status":"publish","type":"post","link":"http:\/\/sinpro-al.com.br\/v2\/?p=4755","title":{"rendered":"Sa\u00fade do professor:\u00a0Uncisal atende professores da rede privada de ensino"},"content":{"rendered":"<div id=\"attachment_4756\" style=\"width: 268px\" class=\"wp-caption alignleft\"><a href=\"http:\/\/sinpro-al.com.br\/v2\/wp-content\/uploads\/2017\/10\/eduardo-e-gabriela-Uncisal.jpg\"><img loading=\"lazy\" decoding=\"async\" aria-describedby=\"caption-attachment-4756\" class=\"wp-image-4756 size-medium\" src=\"http:\/\/sinpro-al.com.br\/v2\/wp-content\/uploads\/2017\/10\/eduardo-e-gabriela-Uncisal-258x300.jpg\" alt=\"\" width=\"258\" height=\"300\" srcset=\"http:\/\/sinpro-al.com.br\/v2\/wp-content\/uploads\/2017\/10\/eduardo-e-gabriela-Uncisal-258x300.jpg 258w, http:\/\/sinpro-al.com.br\/v2\/wp-content\/uploads\/2017\/10\/eduardo-e-gabriela-Uncisal-768x892.jpg 768w, http:\/\/sinpro-al.com.br\/v2\/wp-content\/uploads\/2017\/10\/eduardo-e-gabriela-Uncisal.jpg 771w\" sizes=\"auto, (max-width: 258px) 100vw, 258px\" \/><\/a><p id=\"caption-attachment-4756\" class=\"wp-caption-text\">Eduardo Vasconcelos e Gabriela S\u00f3stenes discutem sobre sa\u00fade vocal dos professores<\/p><\/div>\n<p>O presidente do Sindicato dos Professores de Alagoas (Sinpro\/AL), Eduardo Vasconcelos, esteve reunido com a fonoaudi\u00f3loga\u00a0da\u00a0Universidade Estadual de Ci\u00eancias\u00a0 da Sa\u00fade de Alagoas (Uncisal), Gabriela\u00a0Silveira\u00a0S\u00f3stenes, para que fosse explicado o funcionamento dos tratamentos gratuitos realizados pela cl\u00ednica da Universidade.<\/p>\n<p>Al\u00e9m dos professores da rede p\u00fablica de ensino com problemas relacionados a voz, a Uncisal tamb\u00e9m realizada os mesmo servi\u00e7os voltados para os docentes da rede privada de ensino. O professor que for para cl\u00ednica passar\u00e1 por uma triagem e se caso for detectado alguma problem\u00e1tica vocal o tratamento adequado ser\u00e1 realizado.<\/p>\n<p>O professor que tiver algum incomodo\u00a0 com a voz pode se dirigir para cl\u00ednica da Universidade, que fica localizada na Rua Jorge de L\u00a0ima,113 \u2013 T\u00e9rreo, no Trapiche da Barra, em Macei\u00f3. Mais informa\u00e7\u00f5es: 3315.6796<\/p>\n<p><strong>Destaque <\/strong><\/p>\n<p>A cl\u00ednica da Uncisal \u00e9 refer\u00eancia em preven\u00e7\u00e3o, orienta\u00e7\u00e3o e terapia dos dist\u00farbios da comunica\u00e7\u00e3o humana que interferem na qualidade de intera\u00e7\u00e3o social do homem, desenvolvendo\u00a0atividades interrelacionadas de ensino, pesquisa, extens\u00e3o e assist\u00eancia.<\/p>\n<p>Somos professores com orgulho\u00a0 e exigimos respeito!<\/p>\n<p>&nbsp;<\/p>\n<p>&nbsp;<\/p>\n<p>&nbsp;<\/p>\n<p>&nbsp;<\/p>\n<p>&nbsp;<\/p>\n","protected":false},"excerpt":{"rendered":"<p>O presidente do Sindicato dos Professores de Alagoas (Sinpro\/AL), Eduardo Vasconcelos, esteve reunido com a fonoaudi\u00f3loga\u00a0da\u00a0Universidade Estadual de Ci\u00eancias\u00a0 da Sa\u00fade de Alagoas (Uncisal), Gabriela\u00a0Silveira\u00a0S\u00f3stenes, para que fosse explicado o funcionamento dos tratamentos gratuitos realizados pela cl\u00ednica da Universidade. Al\u00e9m dos professores da rede p\u00fablica de ensino com problemas relacionados a voz, a Uncisal tamb\u00e9m [&hellip;]<\/p>\n","protected":false},"author":4,"featured_media":4756,"comment_status":"open","ping_status":"open","sticky":false,"template":"","format":"standard","meta":{"footnotes":""},"categories":[4],"tags":[],"class_list":["post-4755","post","type-post","status-publish","format-standard","has-post-thumbnail","hentry","category-noticias-sinpro-al"],"_links":{"self":[{"href":"http:\/\/sinpro-al.com.br\/v2\/index.php?rest_route=\/wp\/v2\/posts\/4755","targetHints":{"allow":["GET"]}}],"collection":[{"href":"http:\/\/sinpro-al.com.br\/v2\/index.php?rest_route=\/wp\/v2\/posts"}],"about":[{"href":"http:\/\/sinpro-al.com.br\/v2\/index.php?rest_route=\/wp\/v2\/types\/post"}],"author":[{"embeddable":true,"href":"http:\/\/sinpro-al.com.br\/v2\/index.php?rest_route=\/wp\/v2\/users\/4"}],"replies":[{"embeddable":true,"href":"http:\/\/sinpro-al.com.br\/v2\/index.php?rest_route=%2Fwp%2Fv2%2Fcomments&post=4755"}],"version-history":[{"count":2,"href":"http:\/\/sinpro-al.com.br\/v2\/index.php?rest_route=\/wp\/v2\/posts\/4755\/revisions"}],"predecessor-version":[{"id":4758,"href":"http:\/\/sinpro-al.com.br\/v2\/index.php?rest_route=\/wp\/v2\/posts\/4755\/revisions\/4758"}],"wp:featuredmedia":[{"embeddable":true,"href":"http:\/\/sinpro-al.com.br\/v2\/index.php?rest_route=\/wp\/v2\/media\/4756"}],"wp:attachment":[{"href":"http:\/\/sinpro-al.com.br\/v2\/index.php?rest_route=%2Fwp%2Fv2%2Fmedia&parent=4755"}],"wp:term":[{"taxonomy":"category","embeddable":true,"href":"http:\/\/sinpro-al.com.br\/v2\/index.php?rest_route=%2Fwp%2Fv2%2Fcategories&post=4755"},{"taxonomy":"post_tag","embeddable":true,"href":"http:\/\/sinpro-al.com.br\/v2\/index.php?rest_route=%2Fwp%2Fv2%2Ftags&post=4755"}],"curies":[{"name":"wp","href":"https:\/\/api.w.org\/{rel}","templated":true}]}}