{"id":4745,"date":"2017-10-25T11:34:20","date_gmt":"2017-10-25T14:34:20","guid":{"rendered":"http:\/\/sinpro-al.com.br\/v2\/?p=4745"},"modified":"2017-10-25T11:36:59","modified_gmt":"2017-10-25T14:36:59","slug":"acao-do-sinproal-nas-ruas-de-maceio-ganha-destaque-nacional","status":"publish","type":"post","link":"http:\/\/sinpro-al.com.br\/v2\/?p=4745","title":{"rendered":"A\u00e7\u00e3o do Sinpro\/AL nas ruas de Macei\u00f3 ganha destaque nacional"},"content":{"rendered":"<div id=\"attachment_4746\" style=\"width: 310px\" class=\"wp-caption alignleft\"><a href=\"http:\/\/sinpro-al.com.br\/v2\/wp-content\/uploads\/2017\/10\/ctb-nacional.png\"><img loading=\"lazy\" decoding=\"async\" aria-describedby=\"caption-attachment-4746\" class=\"size-medium wp-image-4746\" src=\"http:\/\/sinpro-al.com.br\/v2\/wp-content\/uploads\/2017\/10\/ctb-nacional-300x170.png\" alt=\"\" width=\"300\" height=\"170\" srcset=\"http:\/\/sinpro-al.com.br\/v2\/wp-content\/uploads\/2017\/10\/ctb-nacional-300x170.png 300w, http:\/\/sinpro-al.com.br\/v2\/wp-content\/uploads\/2017\/10\/ctb-nacional-768x434.png 768w, http:\/\/sinpro-al.com.br\/v2\/wp-content\/uploads\/2017\/10\/ctb-nacional-1024x579.png 1024w, http:\/\/sinpro-al.com.br\/v2\/wp-content\/uploads\/2017\/10\/ctb-nacional.png 1366w\" sizes=\"auto, (max-width: 300px) 100vw, 300px\" \/><\/a><p id=\"caption-attachment-4746\" class=\"wp-caption-text\">Destaque CTB Nacional<\/p><\/div>\n<p>Em virtude da divulga\u00e7\u00e3o &#8220;Apagar o professor \u00e9 apagar o futuro&#8221;, o Sinpro\/AL iniciou uma s\u00e9rie de a\u00e7\u00f5es e uma delas ganhou repercuss\u00e3o nacional, a panfletagem que vem ocorrendo em v\u00e1rios pontos da cidade \u00e9 reconhecida nacionalmente nos portais de not\u00edcia da Contee e CTB.<\/p>\n<p><strong>O que destaca a campanha?<\/strong><\/p>\n<p>\u201cApagar o professor \u00e9 apagar o futuro\u201d alerta que o rebaixamento da forma\u00e7\u00e3o do docente, fechamento de licenciaturas, permiss\u00e3o para lecionar a pessoas com \u201cnot\u00f3rio saber\u201d e o magist\u00e9rio tratado como \u201cbico\u201d s\u00e3o reflexos da desvaloriza\u00e7\u00e3o.<\/p>\n<p>A campanha tamb\u00e9m enfatiza que a sociedade entenda, cada vez mais, a import\u00e2ncia da qualifica\u00e7\u00e3o e valoriza\u00e7\u00e3o dos docentes.<\/p>\n<p>Somos professores com orgulho e exigimos respeito!<\/p>\n<p><strong><a href=\"http:\/\/sinpro-al.com.br\/v2\/wp-content\/uploads\/2017\/10\/contee-nacional.png\"><img loading=\"lazy\" decoding=\"async\" class=\"size-medium wp-image-4747 alignleft\" src=\"http:\/\/sinpro-al.com.br\/v2\/wp-content\/uploads\/2017\/10\/contee-nacional-300x173.png\" alt=\"\" width=\"300\" height=\"173\" srcset=\"http:\/\/sinpro-al.com.br\/v2\/wp-content\/uploads\/2017\/10\/contee-nacional-300x173.png 300w, http:\/\/sinpro-al.com.br\/v2\/wp-content\/uploads\/2017\/10\/contee-nacional-768x442.png 768w, http:\/\/sinpro-al.com.br\/v2\/wp-content\/uploads\/2017\/10\/contee-nacional-1024x590.png 1024w, http:\/\/sinpro-al.com.br\/v2\/wp-content\/uploads\/2017\/10\/contee-nacional.png 1366w\" sizes=\"auto, (max-width: 300px) 100vw, 300px\" \/><\/a><\/strong><\/p>\n","protected":false},"excerpt":{"rendered":"<p>Em virtude da divulga\u00e7\u00e3o &#8220;Apagar o professor \u00e9 apagar o futuro&#8221;, o Sinpro\/AL iniciou uma s\u00e9rie de a\u00e7\u00f5es e uma delas ganhou repercuss\u00e3o nacional, a panfletagem que vem ocorrendo em v\u00e1rios pontos da cidade \u00e9 reconhecida nacionalmente nos portais de not\u00edcia da Contee e CTB. O que destaca a campanha? \u201cApagar o professor \u00e9 apagar [&hellip;]<\/p>\n","protected":false},"author":6,"featured_media":4747,"comment_status":"open","ping_status":"open","sticky":false,"template":"","format":"standard","meta":{"footnotes":""},"categories":[4],"tags":[],"class_list":["post-4745","post","type-post","status-publish","format-standard","has-post-thumbnail","hentry","category-noticias-sinpro-al"],"_links":{"self":[{"href":"http:\/\/sinpro-al.com.br\/v2\/index.php?rest_route=\/wp\/v2\/posts\/4745","targetHints":{"allow":["GET"]}}],"collection":[{"href":"http:\/\/sinpro-al.com.br\/v2\/index.php?rest_route=\/wp\/v2\/posts"}],"about":[{"href":"http:\/\/sinpro-al.com.br\/v2\/index.php?rest_route=\/wp\/v2\/types\/post"}],"author":[{"embeddable":true,"href":"http:\/\/sinpro-al.com.br\/v2\/index.php?rest_route=\/wp\/v2\/users\/6"}],"replies":[{"embeddable":true,"href":"http:\/\/sinpro-al.com.br\/v2\/index.php?rest_route=%2Fwp%2Fv2%2Fcomments&post=4745"}],"version-history":[{"count":6,"href":"http:\/\/sinpro-al.com.br\/v2\/index.php?rest_route=\/wp\/v2\/posts\/4745\/revisions"}],"predecessor-version":[{"id":4753,"href":"http:\/\/sinpro-al.com.br\/v2\/index.php?rest_route=\/wp\/v2\/posts\/4745\/revisions\/4753"}],"wp:featuredmedia":[{"embeddable":true,"href":"http:\/\/sinpro-al.com.br\/v2\/index.php?rest_route=\/wp\/v2\/media\/4747"}],"wp:attachment":[{"href":"http:\/\/sinpro-al.com.br\/v2\/index.php?rest_route=%2Fwp%2Fv2%2Fmedia&parent=4745"}],"wp:term":[{"taxonomy":"category","embeddable":true,"href":"http:\/\/sinpro-al.com.br\/v2\/index.php?rest_route=%2Fwp%2Fv2%2Fcategories&post=4745"},{"taxonomy":"post_tag","embeddable":true,"href":"http:\/\/sinpro-al.com.br\/v2\/index.php?rest_route=%2Fwp%2Fv2%2Ftags&post=4745"}],"curies":[{"name":"wp","href":"https:\/\/api.w.org\/{rel}","templated":true}]}}