{"id":4707,"date":"2017-10-19T10:24:27","date_gmt":"2017-10-19T13:24:27","guid":{"rendered":"http:\/\/sinpro-al.com.br\/v2\/?p=4707"},"modified":"2017-10-19T10:25:11","modified_gmt":"2017-10-19T13:25:11","slug":"sinpro-solidario-aulao-para-o-enem-sera-realizado-em-escola-no-feitosa","status":"publish","type":"post","link":"http:\/\/sinpro-al.com.br\/v2\/?p=4707","title":{"rendered":"Sinpro Solid\u00e1rio: Aul\u00e3o para o Enem ser\u00e1 realizado em escola no Feitosa"},"content":{"rendered":"<p><a href=\"http:\/\/sinpro-al.com.br\/v2\/wp-content\/uploads\/2017\/10\/aul\u00e3o.jpg\"><img loading=\"lazy\" decoding=\"async\" class=\"alignleft size-medium wp-image-4708\" src=\"http:\/\/sinpro-al.com.br\/v2\/wp-content\/uploads\/2017\/10\/aul\u00e3o-300x290.jpg\" alt=\"\" width=\"300\" height=\"290\" srcset=\"http:\/\/sinpro-al.com.br\/v2\/wp-content\/uploads\/2017\/10\/aul\u00e3o-300x290.jpg 300w, http:\/\/sinpro-al.com.br\/v2\/wp-content\/uploads\/2017\/10\/aul\u00e3o-768x742.jpg 768w, http:\/\/sinpro-al.com.br\/v2\/wp-content\/uploads\/2017\/10\/aul\u00e3o-1024x990.jpg 1024w, http:\/\/sinpro-al.com.br\/v2\/wp-content\/uploads\/2017\/10\/aul\u00e3o-45x45.jpg 45w, http:\/\/sinpro-al.com.br\/v2\/wp-content\/uploads\/2017\/10\/aul\u00e3o.jpg 1199w\" sizes=\"auto, (max-width: 300px) 100vw, 300px\" \/><\/a>O presidente do Sindicato dos Professores de Alagoas (Sinpro\/AL), Eduardo Vasconcelos, e o diretor Keyllor Fran\u00e7a participar\u00e3o do \u201cAul\u00e3o para o Enem\u201d nesse s\u00e1bado, 21\/10, de 8h \u00e0s 12h, \u00a0na Escola Pedro Teixeira, no bairro do Feitosa, em Macei\u00f3.<\/p>\n<p>Estudantes poder\u00e3o se aprofundar em temas de importantes disciplinas, como: Literatura, Ingl\u00eas, Hist\u00f3ria, Matem\u00e1tica, F\u00edsica, Biologia, Filosofia e Sociologia.<\/p>\n<p>A iniciativa faz parte da campanha permanente da entidade classista \u201cSinpro Solid\u00e1rio\u201d. Os estudantes que quiseram participar do \u201cAul\u00e3o\u201d basta doar 1kh de alimento n\u00e3o perec\u00edvel e roupas em bom estado.<\/p>\n<p>Todo material arrecadado ser\u00e1 doado para comunidade Jarbas Oiticica, que fica na cidade do Rio Largo.<\/p>\n<p>Em tempo, a diretoria da entidade classista agradece todos os docentes que colaborar\u00e3o com mais uma a\u00e7\u00e3o do Sinpro Solid\u00e1rio:\u00a0Jaizon Alexandre, L\u00e9o Costa, Edgar Barros e Andressa Lins<\/p>\n<p>Somos professores com orgulho e exigimos respeito!<\/p>\n","protected":false},"excerpt":{"rendered":"<p>O presidente do Sindicato dos Professores de Alagoas (Sinpro\/AL), Eduardo Vasconcelos, e o diretor Keyllor Fran\u00e7a participar\u00e3o do \u201cAul\u00e3o para o Enem\u201d nesse s\u00e1bado, 21\/10, de 8h \u00e0s 12h, \u00a0na Escola Pedro Teixeira, no bairro do Feitosa, em Macei\u00f3. Estudantes poder\u00e3o se aprofundar em temas de importantes disciplinas, como: Literatura, Ingl\u00eas, Hist\u00f3ria, Matem\u00e1tica, F\u00edsica, Biologia, [&hellip;]<\/p>\n","protected":false},"author":4,"featured_media":4708,"comment_status":"open","ping_status":"open","sticky":false,"template":"","format":"standard","meta":{"footnotes":""},"categories":[4],"tags":[],"class_list":["post-4707","post","type-post","status-publish","format-standard","has-post-thumbnail","hentry","category-noticias-sinpro-al"],"_links":{"self":[{"href":"http:\/\/sinpro-al.com.br\/v2\/index.php?rest_route=\/wp\/v2\/posts\/4707","targetHints":{"allow":["GET"]}}],"collection":[{"href":"http:\/\/sinpro-al.com.br\/v2\/index.php?rest_route=\/wp\/v2\/posts"}],"about":[{"href":"http:\/\/sinpro-al.com.br\/v2\/index.php?rest_route=\/wp\/v2\/types\/post"}],"author":[{"embeddable":true,"href":"http:\/\/sinpro-al.com.br\/v2\/index.php?rest_route=\/wp\/v2\/users\/4"}],"replies":[{"embeddable":true,"href":"http:\/\/sinpro-al.com.br\/v2\/index.php?rest_route=%2Fwp%2Fv2%2Fcomments&post=4707"}],"version-history":[{"count":1,"href":"http:\/\/sinpro-al.com.br\/v2\/index.php?rest_route=\/wp\/v2\/posts\/4707\/revisions"}],"predecessor-version":[{"id":4709,"href":"http:\/\/sinpro-al.com.br\/v2\/index.php?rest_route=\/wp\/v2\/posts\/4707\/revisions\/4709"}],"wp:featuredmedia":[{"embeddable":true,"href":"http:\/\/sinpro-al.com.br\/v2\/index.php?rest_route=\/wp\/v2\/media\/4708"}],"wp:attachment":[{"href":"http:\/\/sinpro-al.com.br\/v2\/index.php?rest_route=%2Fwp%2Fv2%2Fmedia&parent=4707"}],"wp:term":[{"taxonomy":"category","embeddable":true,"href":"http:\/\/sinpro-al.com.br\/v2\/index.php?rest_route=%2Fwp%2Fv2%2Fcategories&post=4707"},{"taxonomy":"post_tag","embeddable":true,"href":"http:\/\/sinpro-al.com.br\/v2\/index.php?rest_route=%2Fwp%2Fv2%2Ftags&post=4707"}],"curies":[{"name":"wp","href":"https:\/\/api.w.org\/{rel}","templated":true}]}}