{"id":469,"date":"2014-10-02T10:15:52","date_gmt":"2014-10-02T13:15:52","guid":{"rendered":"http:\/\/sinpro-al.com.br\/v2\/?p=469"},"modified":"2014-10-02T10:15:52","modified_gmt":"2014-10-02T13:15:52","slug":"comeca-o-outubro-rosa-a-importancia-da-prevencao-e-do-diagnostico-precoce-do-cancer-de-mama","status":"publish","type":"post","link":"http:\/\/sinpro-al.com.br\/v2\/?p=469","title":{"rendered":"Come\u00e7a o Outubro Rosa: A import\u00e2ncia da preven\u00e7\u00e3o e do diagn\u00f3stico precoce do c\u00e2ncer de mama"},"content":{"rendered":"<p><a href=\"http:\/\/sinpro-al.com.br\/v2\/wp-content\/uploads\/2014\/10\/facerosa.png\"><img loading=\"lazy\" decoding=\"async\" class=\"alignleft wp-image-470\" src=\"http:\/\/sinpro-al.com.br\/v2\/wp-content\/uploads\/2014\/10\/facerosa.png\" alt=\"facerosa\" width=\"209\" height=\"175\" srcset=\"http:\/\/sinpro-al.com.br\/v2\/wp-content\/uploads\/2014\/10\/facerosa.png 448w, http:\/\/sinpro-al.com.br\/v2\/wp-content\/uploads\/2014\/10\/facerosa-300x251.png 300w\" sizes=\"auto, (max-width: 209px) 100vw, 209px\" \/><\/a>\u201cAcenda sua consci\u00eancia.\u201d \u00c9 por causa desse slogan que luzes cor-de-rosa ser\u00e3o acesas hoje em todo o Brasil, iluminando pr\u00e9dios p\u00fablicos, monumentos e as consci\u00eancias a respeito da import\u00e2ncia da preven\u00e7\u00e3o e do diagn\u00f3stico precoce do c\u00e2ncer de mama.<\/p>\n<p>Bras\u00edlia, por exemplo, \u00e9 uma das cidades em que os monumentos hist\u00f3ricos receber\u00e3o ilumina\u00e7\u00e3o rosa no lan\u00e7amento da Campanha Mundial Outubro Rosa. Nesta quarta-feira (1) ocorreu o acendimento sincronizado de luzes dos pr\u00e9dios e monumentos p\u00fablicos do Distrito Federal e a abertura da exposi\u00e7\u00e3o fotogr\u00e1fica \u201cRecome\u00e7o\u201d, que ficar\u00e1 em cartaz no Pante\u00e3o da P\u00e1tria at\u00e9 o dia 10 de outubro.<\/p>\n<p>O movimento do Outubro Rosa, realizado em v\u00e1rios pa\u00edses, se iniciou nos Estados Unidos na d\u00e9cada de 1990 e chegou ao Brasil em 2008. O nome remete \u00e0 cor do la\u00e7o rosa que simboliza, mundialmente, a luta contra o c\u00e2ncer de mama. A Contee apoia a campanha e incentiva suas entidades filiadas a participarem das atividades programadas em suas cidades e estados, sobretudo levando em considera\u00e7\u00e3o que a grande maioria da categoria que trabalha na educa\u00e7\u00e3o \u00e9 representada por mulheres. Al\u00e9m disso, para a Confedera\u00e7\u00e3o, as educadoras e educadores t\u00eam papel fundamental na conscientiza\u00e7\u00e3o da sociedade para a import\u00e2ncia da preven\u00e7\u00e3o.<\/p>\n<p>Durante a campanha o site do Sinpro-AL e nossa p\u00e1gina oficial no Facebook trar\u00e3o informa\u00e7\u00f5es e textos sobre o tema.<\/p>\n<p>Para saber mais da import\u00e2ncia da preven\u00e7\u00e3o do c\u00e2ncer de mama acesse: <a href=\"http:\/\/www.outubrorosa.org.br\/\">\u00a0www.outubrorosa.org.br<\/a><\/p>\n","protected":false},"excerpt":{"rendered":"<p>\u201cAcenda sua consci\u00eancia.\u201d \u00c9 por causa desse slogan que luzes cor-de-rosa ser\u00e3o acesas hoje em todo o Brasil, iluminando pr\u00e9dios p\u00fablicos, monumentos e as consci\u00eancias a respeito da import\u00e2ncia da preven\u00e7\u00e3o e do diagn\u00f3stico precoce do c\u00e2ncer de mama. Bras\u00edlia, por exemplo, \u00e9 uma das cidades em que os monumentos hist\u00f3ricos receber\u00e3o ilumina\u00e7\u00e3o rosa no [&hellip;]<\/p>\n","protected":false},"author":4,"featured_media":0,"comment_status":"open","ping_status":"open","sticky":false,"template":"","format":"standard","meta":{"footnotes":""},"categories":[18,14,15],"tags":[],"class_list":["post-469","post","type-post","status-publish","format-standard","hentry","category-alagoas","category-brasil","category-mundo"],"_links":{"self":[{"href":"http:\/\/sinpro-al.com.br\/v2\/index.php?rest_route=\/wp\/v2\/posts\/469","targetHints":{"allow":["GET"]}}],"collection":[{"href":"http:\/\/sinpro-al.com.br\/v2\/index.php?rest_route=\/wp\/v2\/posts"}],"about":[{"href":"http:\/\/sinpro-al.com.br\/v2\/index.php?rest_route=\/wp\/v2\/types\/post"}],"author":[{"embeddable":true,"href":"http:\/\/sinpro-al.com.br\/v2\/index.php?rest_route=\/wp\/v2\/users\/4"}],"replies":[{"embeddable":true,"href":"http:\/\/sinpro-al.com.br\/v2\/index.php?rest_route=%2Fwp%2Fv2%2Fcomments&post=469"}],"version-history":[{"count":1,"href":"http:\/\/sinpro-al.com.br\/v2\/index.php?rest_route=\/wp\/v2\/posts\/469\/revisions"}],"predecessor-version":[{"id":471,"href":"http:\/\/sinpro-al.com.br\/v2\/index.php?rest_route=\/wp\/v2\/posts\/469\/revisions\/471"}],"wp:attachment":[{"href":"http:\/\/sinpro-al.com.br\/v2\/index.php?rest_route=%2Fwp%2Fv2%2Fmedia&parent=469"}],"wp:term":[{"taxonomy":"category","embeddable":true,"href":"http:\/\/sinpro-al.com.br\/v2\/index.php?rest_route=%2Fwp%2Fv2%2Fcategories&post=469"},{"taxonomy":"post_tag","embeddable":true,"href":"http:\/\/sinpro-al.com.br\/v2\/index.php?rest_route=%2Fwp%2Fv2%2Ftags&post=469"}],"curies":[{"name":"wp","href":"https:\/\/api.w.org\/{rel}","templated":true}]}}