{"id":4689,"date":"2017-10-13T17:32:58","date_gmt":"2017-10-13T20:32:58","guid":{"rendered":"http:\/\/sinpro-al.com.br\/v2\/?p=4689"},"modified":"2017-10-13T17:32:58","modified_gmt":"2017-10-13T20:32:58","slug":"nota-de-falecimento-3","status":"publish","type":"post","link":"http:\/\/sinpro-al.com.br\/v2\/?p=4689","title":{"rendered":"NOTA DE FALECIMENTO"},"content":{"rendered":"<div id=\"attachment_4690\" style=\"width: 252px\" class=\"wp-caption alignleft\"><a href=\"http:\/\/sinpro-al.com.br\/v2\/wp-content\/uploads\/2017\/10\/WhatsApp-Image-2017-10-13-at-09.58.35.jpeg\"><img loading=\"lazy\" decoding=\"async\" aria-describedby=\"caption-attachment-4690\" class=\"size-medium wp-image-4690\" src=\"http:\/\/sinpro-al.com.br\/v2\/wp-content\/uploads\/2017\/10\/WhatsApp-Image-2017-10-13-at-09.58.35-242x300.jpeg\" alt=\"\" width=\"242\" height=\"300\" srcset=\"http:\/\/sinpro-al.com.br\/v2\/wp-content\/uploads\/2017\/10\/WhatsApp-Image-2017-10-13-at-09.58.35-242x300.jpeg 242w, http:\/\/sinpro-al.com.br\/v2\/wp-content\/uploads\/2017\/10\/WhatsApp-Image-2017-10-13-at-09.58.35.jpeg 430w\" sizes=\"auto, (max-width: 242px) 100vw, 242px\" \/><\/a><p id=\"caption-attachment-4690\" class=\"wp-caption-text\">Professor Roberto Costa<\/p><\/div>\n<p>\u00c9 com muito pesar que o Sindicato do Professores de Alagoas (Sinpro-AL), informa aos colegas professores e associados o falecimento do amigo e professor Roberto Costa.<\/p>\n<p>Um profissional que com sua alegria e dedica\u00e7\u00e3o abrilhantava os espa\u00e7os do Col\u00e9gio Marista de Macei\u00f3.<\/p>\n<p>Estamos dando aos seus familiares, nossos sinceros sentimentos. O Sinpro-AL est\u00e1 de luto pela perda.<\/p>\n","protected":false},"excerpt":{"rendered":"<p>\u00c9 com muito pesar que o Sindicato do Professores de Alagoas (Sinpro-AL), informa aos colegas professores e associados o falecimento do amigo e professor Roberto Costa. Um profissional que com sua alegria e dedica\u00e7\u00e3o abrilhantava os espa\u00e7os do Col\u00e9gio Marista de Macei\u00f3. Estamos dando aos seus familiares, nossos sinceros sentimentos. O Sinpro-AL est\u00e1 de luto [&hellip;]<\/p>\n","protected":false},"author":6,"featured_media":4645,"comment_status":"open","ping_status":"open","sticky":false,"template":"","format":"standard","meta":{"footnotes":""},"categories":[4],"tags":[],"class_list":["post-4689","post","type-post","status-publish","format-standard","has-post-thumbnail","hentry","category-noticias-sinpro-al"],"_links":{"self":[{"href":"http:\/\/sinpro-al.com.br\/v2\/index.php?rest_route=\/wp\/v2\/posts\/4689","targetHints":{"allow":["GET"]}}],"collection":[{"href":"http:\/\/sinpro-al.com.br\/v2\/index.php?rest_route=\/wp\/v2\/posts"}],"about":[{"href":"http:\/\/sinpro-al.com.br\/v2\/index.php?rest_route=\/wp\/v2\/types\/post"}],"author":[{"embeddable":true,"href":"http:\/\/sinpro-al.com.br\/v2\/index.php?rest_route=\/wp\/v2\/users\/6"}],"replies":[{"embeddable":true,"href":"http:\/\/sinpro-al.com.br\/v2\/index.php?rest_route=%2Fwp%2Fv2%2Fcomments&post=4689"}],"version-history":[{"count":1,"href":"http:\/\/sinpro-al.com.br\/v2\/index.php?rest_route=\/wp\/v2\/posts\/4689\/revisions"}],"predecessor-version":[{"id":4691,"href":"http:\/\/sinpro-al.com.br\/v2\/index.php?rest_route=\/wp\/v2\/posts\/4689\/revisions\/4691"}],"wp:featuredmedia":[{"embeddable":true,"href":"http:\/\/sinpro-al.com.br\/v2\/index.php?rest_route=\/wp\/v2\/media\/4645"}],"wp:attachment":[{"href":"http:\/\/sinpro-al.com.br\/v2\/index.php?rest_route=%2Fwp%2Fv2%2Fmedia&parent=4689"}],"wp:term":[{"taxonomy":"category","embeddable":true,"href":"http:\/\/sinpro-al.com.br\/v2\/index.php?rest_route=%2Fwp%2Fv2%2Fcategories&post=4689"},{"taxonomy":"post_tag","embeddable":true,"href":"http:\/\/sinpro-al.com.br\/v2\/index.php?rest_route=%2Fwp%2Fv2%2Ftags&post=4689"}],"curies":[{"name":"wp","href":"https:\/\/api.w.org\/{rel}","templated":true}]}}