{"id":4682,"date":"2017-10-11T15:49:32","date_gmt":"2017-10-11T18:49:32","guid":{"rendered":"http:\/\/sinpro-al.com.br\/v2\/?p=4682"},"modified":"2017-10-11T17:09:30","modified_gmt":"2017-10-11T20:09:30","slug":"dia-dos-professores-e-suas-prioridades","status":"publish","type":"post","link":"http:\/\/sinpro-al.com.br\/v2\/?p=4682","title":{"rendered":"Dia dos Professores e suas prioridades"},"content":{"rendered":"<p><a href=\"http:\/\/sinpro-al.com.br\/v2\/wp-content\/uploads\/2017\/10\/sou-proferssor-com-orgulho-e-exijo-respeito-1.jpg\"><img loading=\"lazy\" decoding=\"async\" class=\"alignleft size-medium wp-image-4684\" src=\"http:\/\/sinpro-al.com.br\/v2\/wp-content\/uploads\/2017\/10\/sou-proferssor-com-orgulho-e-exijo-respeito-1-243x300.jpg\" alt=\"\" width=\"243\" height=\"300\" srcset=\"http:\/\/sinpro-al.com.br\/v2\/wp-content\/uploads\/2017\/10\/sou-proferssor-com-orgulho-e-exijo-respeito-1-243x300.jpg 243w, http:\/\/sinpro-al.com.br\/v2\/wp-content\/uploads\/2017\/10\/sou-proferssor-com-orgulho-e-exijo-respeito-1.jpg 716w\" sizes=\"auto, (max-width: 243px) 100vw, 243px\" \/><\/a>A gest\u00e3o \u201cSomos professores com orgulho e exigimos respeito\u201d tem a marca da responsabilidade com sua base e colaboradores. Visando manter a sa\u00fade financeira da entidade classista, a diretoria do Sindicato dos Professores de Alagoas (Sinpro\/AL) resolveu n\u00e3o realizar a tradicional festa do Dia dos Professores esse ano.<\/p>\n<p>Dentre as causas: a restri\u00e7\u00e3o da cobran\u00e7a da taxa assistencial pelo Supremo Tribunal Federal (STF) e a n\u00e3o obrigatoriedade da contribui\u00e7\u00e3o sindical atrav\u00e9s da Reforma Trabalhista, danosa em dezenas de aspectos para os trabalhadores e seus representantes.<\/p>\n<p>A medida adotada pela entidade classista visa manter a otimiza\u00e7\u00e3o dos trabalhos e o pagamento em dia dos funcion\u00e1rios e estagi\u00e1rios de \u00e1reas estrat\u00e9gicas para gest\u00e3o, como: assessorias jur\u00eddica, cont\u00e1bil, administrativa e de comunica\u00e7\u00e3o.<\/p>\n<p>O Sinpro\/AL evid\u00eancia que n\u00e3o haver\u00e1 festejo em outubro, mas a trincheira de luta segue firme em defesa da valoriza\u00e7\u00e3o e de conquistas para todos os docentes.<\/p>\n<p>O Sindicato convida ainda toda categoria a se coadunar na orla de Macei\u00f3, na parte fechada, neste domingo, 15\/10, \u00e0s 9h, para realizar uma panfletagem em alus\u00e3o ao Dia dos Professores para publicizar a campanha \u201cApagar o professor \u00e9 apagar o futuro\u201d, que tem como intuito principal demonstrar a import\u00e2ncia dos docentes para sociedade e lutar contra a desprofissionaliza\u00e7\u00e3o da categoria.<\/p>\n<p>A diretoria do Sinpro\/AL segue primando pelo di\u00e1logo franco com seus filiados e a sociedade para que n\u00e3o pairem d\u00favidas sobre a realiza\u00e7\u00e3o de nenhuma agenda que vinha sendo concretizada.<\/p>\n<p>Esperamos a compress\u00e3o de todos nesse momento e reafirmamos, com toda \u00a0certeza, que essa \u00e9 a hora da unidade se fazer cada vez mais presente.<\/p>\n<p>Somos professores com orgulho e exigimos respeito!<\/p>\n<p>&nbsp;<\/p>\n","protected":false},"excerpt":{"rendered":"<p>A gest\u00e3o \u201cSomos professores com orgulho e exigimos respeito\u201d tem a marca da responsabilidade com sua base e colaboradores. Visando manter a sa\u00fade financeira da entidade classista, a diretoria do Sindicato dos Professores de Alagoas (Sinpro\/AL) resolveu n\u00e3o realizar a tradicional festa do Dia dos Professores esse ano. Dentre as causas: a restri\u00e7\u00e3o da cobran\u00e7a [&hellip;]<\/p>\n","protected":false},"author":4,"featured_media":4683,"comment_status":"open","ping_status":"open","sticky":false,"template":"","format":"standard","meta":{"footnotes":""},"categories":[4],"tags":[],"class_list":["post-4682","post","type-post","status-publish","format-standard","has-post-thumbnail","hentry","category-noticias-sinpro-al"],"_links":{"self":[{"href":"http:\/\/sinpro-al.com.br\/v2\/index.php?rest_route=\/wp\/v2\/posts\/4682","targetHints":{"allow":["GET"]}}],"collection":[{"href":"http:\/\/sinpro-al.com.br\/v2\/index.php?rest_route=\/wp\/v2\/posts"}],"about":[{"href":"http:\/\/sinpro-al.com.br\/v2\/index.php?rest_route=\/wp\/v2\/types\/post"}],"author":[{"embeddable":true,"href":"http:\/\/sinpro-al.com.br\/v2\/index.php?rest_route=\/wp\/v2\/users\/4"}],"replies":[{"embeddable":true,"href":"http:\/\/sinpro-al.com.br\/v2\/index.php?rest_route=%2Fwp%2Fv2%2Fcomments&post=4682"}],"version-history":[{"count":4,"href":"http:\/\/sinpro-al.com.br\/v2\/index.php?rest_route=\/wp\/v2\/posts\/4682\/revisions"}],"predecessor-version":[{"id":4688,"href":"http:\/\/sinpro-al.com.br\/v2\/index.php?rest_route=\/wp\/v2\/posts\/4682\/revisions\/4688"}],"wp:featuredmedia":[{"embeddable":true,"href":"http:\/\/sinpro-al.com.br\/v2\/index.php?rest_route=\/wp\/v2\/media\/4683"}],"wp:attachment":[{"href":"http:\/\/sinpro-al.com.br\/v2\/index.php?rest_route=%2Fwp%2Fv2%2Fmedia&parent=4682"}],"wp:term":[{"taxonomy":"category","embeddable":true,"href":"http:\/\/sinpro-al.com.br\/v2\/index.php?rest_route=%2Fwp%2Fv2%2Fcategories&post=4682"},{"taxonomy":"post_tag","embeddable":true,"href":"http:\/\/sinpro-al.com.br\/v2\/index.php?rest_route=%2Fwp%2Fv2%2Ftags&post=4682"}],"curies":[{"name":"wp","href":"https:\/\/api.w.org\/{rel}","templated":true}]}}