{"id":4668,"date":"2017-10-10T16:38:48","date_gmt":"2017-10-10T19:38:48","guid":{"rendered":"http:\/\/sinpro-al.com.br\/v2\/?p=4668"},"modified":"2017-10-10T16:38:48","modified_gmt":"2017-10-10T19:38:48","slug":"professores-de-faculdade-decidem-permanecer-em-greve","status":"publish","type":"post","link":"http:\/\/sinpro-al.com.br\/v2\/?p=4668","title":{"rendered":"Professores de faculdade decidem permanecer em greve"},"content":{"rendered":"<div id=\"attachment_4669\" style=\"width: 310px\" class=\"wp-caption alignleft\"><a href=\"http:\/\/sinpro-al.com.br\/v2\/wp-content\/uploads\/2017\/10\/1-1.jpg\"><img loading=\"lazy\" decoding=\"async\" aria-describedby=\"caption-attachment-4669\" class=\"wp-image-4669 size-medium\" src=\"http:\/\/sinpro-al.com.br\/v2\/wp-content\/uploads\/2017\/10\/1-1-300x225.jpg\" alt=\"\" width=\"300\" height=\"225\" srcset=\"http:\/\/sinpro-al.com.br\/v2\/wp-content\/uploads\/2017\/10\/1-1-300x225.jpg 300w, http:\/\/sinpro-al.com.br\/v2\/wp-content\/uploads\/2017\/10\/1-1-768x576.jpg 768w, http:\/\/sinpro-al.com.br\/v2\/wp-content\/uploads\/2017\/10\/1-1-1024x768.jpg 1024w\" sizes=\"auto, (max-width: 300px) 100vw, 300px\" \/><\/a><p id=\"caption-attachment-4669\" class=\"wp-caption-text\">Vasconcelos e Mota coordenaram os trabalhos durante assembleia<\/p><\/div>\n<p>Os professores da Faculdade S\u00e3o Vicente de P\u00e3o de A\u00e7\u00facar (Fasvipa) deliberaram durante assembleia realizada na sede do Sindicato dos Professores de Alagoas (Sinpro\/AL), em Macei\u00f3, pela perman\u00eancia da greve da categoria. \u00a0Os docentes reivindicam os meses de sal\u00e1rios em atraso, al\u00e9m da falta de recolhimento de FGTS e INSS.<\/p>\n<p>O presidente do Sinpro\/AL, Eduardo Vasconcelos, ap\u00f3s assembleia, j\u00e1 solicitou a medica\u00e7\u00e3o do Minist\u00e9rio P\u00fablico do Trabalho para que as problem\u00e1ticas sejam sanadas.<\/p>\n<p>Quem tamb\u00e9m esteve na assembleia foi o membro da assessoria jur\u00eddica da entidade classista, o advogado Jo\u00e3o Onuki, que salientou v\u00e1rias alternativas para os professores, entre elas: rescis\u00e3o indireta ou judicializar a quest\u00e3o atrav\u00e9s da Justi\u00e7a do Trabalho.<\/p>\n<p>A diretoria do Sinpro\/AL exp\u00f4s para os professores que v\u00e1rias tentativas de di\u00e1logo com os representantes legais da Faculdade S\u00e3o Vicente de P\u00e3o de A\u00e7\u00facar foram realizadas, mas nenhum contato teve retorno.<\/p>\n<div id=\"attachment_4670\" style=\"width: 310px\" class=\"wp-caption alignleft\"><a href=\"http:\/\/sinpro-al.com.br\/v2\/wp-content\/uploads\/2017\/10\/2-1.jpg\"><img loading=\"lazy\" decoding=\"async\" aria-describedby=\"caption-attachment-4670\" class=\"wp-image-4670 size-medium\" src=\"http:\/\/sinpro-al.com.br\/v2\/wp-content\/uploads\/2017\/10\/2-1-300x225.jpg\" alt=\"\" width=\"300\" height=\"225\" srcset=\"http:\/\/sinpro-al.com.br\/v2\/wp-content\/uploads\/2017\/10\/2-1-300x225.jpg 300w, http:\/\/sinpro-al.com.br\/v2\/wp-content\/uploads\/2017\/10\/2-1-768x576.jpg 768w, http:\/\/sinpro-al.com.br\/v2\/wp-content\/uploads\/2017\/10\/2-1-1024x768.jpg 1024w\" sizes=\"auto, (max-width: 300px) 100vw, 300px\" \/><\/a><p id=\"caption-attachment-4670\" class=\"wp-caption-text\">Categoria decide de forma unanime pela manuten\u00e7\u00e3o da greve<\/p><\/div>\n<p>Tamb\u00e9m marcaram presen\u00e7a em apoio aos professores, o vice-presidente do Sinpro e membro da Contee, Jos\u00e9 Nivaldo Mota e o presidente da CTB em Alagoas, Sinval Costa.<\/p>\n<p>O Sindicato dos Professores de Alagoas segue atento aos desmandos praticados contra os professores pelo estabelecimento de ensino e ressalta que vai continuar a tentativa de negocia\u00e7\u00e3o para que os docentes n\u00e3o tenham mais preju\u00edzos.<\/p>\n<p>A diretoria do Sinpro\/AL reitera que toda decis\u00e3o em assembleia dos professores da Fasvipa ser\u00e1 apoiada pelo Sindicato e respectivamente pela sua assessoria jur\u00eddica.<\/p>\n<p>Somos professores com orgulho e exigimos respeito!<\/p>\n","protected":false},"excerpt":{"rendered":"<p>Os professores da Faculdade S\u00e3o Vicente de P\u00e3o de A\u00e7\u00facar (Fasvipa) deliberaram durante assembleia realizada na sede do Sindicato dos Professores de Alagoas (Sinpro\/AL), em Macei\u00f3, pela perman\u00eancia da greve da categoria. \u00a0Os docentes reivindicam os meses de sal\u00e1rios em atraso, al\u00e9m da falta de recolhimento de FGTS e INSS. O presidente do Sinpro\/AL, Eduardo [&hellip;]<\/p>\n","protected":false},"author":4,"featured_media":4670,"comment_status":"open","ping_status":"open","sticky":false,"template":"","format":"standard","meta":{"footnotes":""},"categories":[4],"tags":[],"class_list":["post-4668","post","type-post","status-publish","format-standard","has-post-thumbnail","hentry","category-noticias-sinpro-al"],"_links":{"self":[{"href":"http:\/\/sinpro-al.com.br\/v2\/index.php?rest_route=\/wp\/v2\/posts\/4668","targetHints":{"allow":["GET"]}}],"collection":[{"href":"http:\/\/sinpro-al.com.br\/v2\/index.php?rest_route=\/wp\/v2\/posts"}],"about":[{"href":"http:\/\/sinpro-al.com.br\/v2\/index.php?rest_route=\/wp\/v2\/types\/post"}],"author":[{"embeddable":true,"href":"http:\/\/sinpro-al.com.br\/v2\/index.php?rest_route=\/wp\/v2\/users\/4"}],"replies":[{"embeddable":true,"href":"http:\/\/sinpro-al.com.br\/v2\/index.php?rest_route=%2Fwp%2Fv2%2Fcomments&post=4668"}],"version-history":[{"count":1,"href":"http:\/\/sinpro-al.com.br\/v2\/index.php?rest_route=\/wp\/v2\/posts\/4668\/revisions"}],"predecessor-version":[{"id":4671,"href":"http:\/\/sinpro-al.com.br\/v2\/index.php?rest_route=\/wp\/v2\/posts\/4668\/revisions\/4671"}],"wp:featuredmedia":[{"embeddable":true,"href":"http:\/\/sinpro-al.com.br\/v2\/index.php?rest_route=\/wp\/v2\/media\/4670"}],"wp:attachment":[{"href":"http:\/\/sinpro-al.com.br\/v2\/index.php?rest_route=%2Fwp%2Fv2%2Fmedia&parent=4668"}],"wp:term":[{"taxonomy":"category","embeddable":true,"href":"http:\/\/sinpro-al.com.br\/v2\/index.php?rest_route=%2Fwp%2Fv2%2Fcategories&post=4668"},{"taxonomy":"post_tag","embeddable":true,"href":"http:\/\/sinpro-al.com.br\/v2\/index.php?rest_route=%2Fwp%2Fv2%2Ftags&post=4668"}],"curies":[{"name":"wp","href":"https:\/\/api.w.org\/{rel}","templated":true}]}}