{"id":4655,"date":"2017-10-10T13:28:18","date_gmt":"2017-10-10T16:28:18","guid":{"rendered":"http:\/\/sinpro-al.com.br\/v2\/?p=4655"},"modified":"2017-10-14T23:19:56","modified_gmt":"2017-10-15T02:19:56","slug":"sinpro-cultural-professor-damasceno-lanca-livro","status":"publish","type":"post","link":"http:\/\/sinpro-al.com.br\/v2\/?p=4655","title":{"rendered":"Sinpro Cultural: professor Damasceno lan\u00e7a livro"},"content":{"rendered":"<div id=\"attachment_4657\" style=\"width: 235px\" class=\"wp-caption alignleft\"><a href=\"http:\/\/sinpro-al.com.br\/v2\/wp-content\/uploads\/2017\/10\/WhatsApp-Image-2017-10-07-at-14.26.51.jpeg\"><img loading=\"lazy\" decoding=\"async\" aria-describedby=\"caption-attachment-4657\" class=\"wp-image-4657 size-medium\" src=\"http:\/\/sinpro-al.com.br\/v2\/wp-content\/uploads\/2017\/10\/WhatsApp-Image-2017-10-07-at-14.26.51-225x300.jpeg\" alt=\"\" width=\"225\" height=\"300\" srcset=\"http:\/\/sinpro-al.com.br\/v2\/wp-content\/uploads\/2017\/10\/WhatsApp-Image-2017-10-07-at-14.26.51-225x300.jpeg 225w, http:\/\/sinpro-al.com.br\/v2\/wp-content\/uploads\/2017\/10\/WhatsApp-Image-2017-10-07-at-14.26.51-768x1024.jpeg 768w, http:\/\/sinpro-al.com.br\/v2\/wp-content\/uploads\/2017\/10\/WhatsApp-Image-2017-10-07-at-14.26.51.jpeg 960w\" sizes=\"auto, (max-width: 225px) 100vw, 225px\" \/><\/a><p id=\"caption-attachment-4657\" class=\"wp-caption-text\">(Livro &#8220;V\u00e1 para Cuba&#8221;)<\/p><\/div>\n<p>Professor e escritor, Damasceno lan\u00e7ou seu primeito livro durante a 8\u00b0 Bienal Internacional do Livro em Alagoas. \u201cV\u00e1 para Cub\u00e1\u201d conta sobre suas viagens ao pa\u00eds.<\/p>\n<p>Apaixonado por Cuba desde a adolesc\u00eancia, quando a conheceu nos jogos ol\u00edmpicos pela televis\u00e3o, ele achava interessante como um pa\u00eds t\u00e3o pequeno, conseguia se destacar no esporte com atletas t\u00e3o preparados. Todas as hist\u00f3rias, boas e m\u00e1s, que ouvia,\u00a0lhe encheu de curiosidade. Foi o que conduziu Damasceno a conhecer o pa\u00eds.<\/p>\n<h3>\u201cMinha principal motiva\u00e7\u00e3o para escrever esse livro, foi algumas viagens que fiz \u00e1 Cuba. Eu conto no livro um pouco das curiosidades do pa\u00eds\u201d.<\/h3>\n<p>Foram tr\u00eas viagens at\u00e9 Cuba. Com uma mochila nas costas, ele caminhou pelas ruas da ilha e ouviu o relato das pessoas por onde passava. Na primeira viagem, ele ficou em Havana e assistiu a comemora\u00e7\u00e3o de 1\u00b0 de maio, onde Fidel Castro comandou a comemora\u00e7\u00e3o, pela ultima vez, em 2006. Em 2010 Damasceno retornou e fez a rota da revolu\u00e7\u00e3o. Foi at\u00e9 Santa Clara, onde existe o Malzoleu do Ernesto Guevara, e de l\u00e1 foi para Santiago de Cuba, onde come\u00e7ou o processo revolucion\u00e1rio de Fidel Castro e dos Moncadistas. Em 2013, voltou para participar de eventos ligados a educa\u00e7\u00e3o &#8211; como quest\u00f5es geopol\u00edticas e ambientais &#8211; com professores do mundo inteiro.<\/p>\n<p>Em sua obra ele conta o que viu, sentiu e ouviu em suas viagens. \u201cComo sou ge\u00f3grafo, o livro apresenta a geografia da ilha, que em alguns aspectos se parece com a geografia de Alagoas. Cuba tamb\u00e9m tem uma hist\u00f3ria parecida com a de nosso Estado, que envolve a escravid\u00e3o e a cana-de-a\u00e7\u00facar\u201d, comentou.<\/p>\n<p>O livro tamb\u00e9m conta um pouco sobre a biografia do pa\u00eds, do in\u00edcio at\u00e9 a situa\u00e7\u00e3o atual em que se encontra. Mostra a economia, a pol\u00edtica, o turismo, as pesquisas de biotecnologia e da rela\u00e7\u00e3o dos Estados Unidos com o pa\u00eds.<\/p>\n<p>O livro pode ser adquirido pelo site da Imprensa Oficial ou pelo email: marcos.damasceno@hotmail.com<\/p>\n<div id=\"attachment_4656\" style=\"width: 235px\" class=\"wp-caption alignleft\"><a href=\"http:\/\/sinpro-al.com.br\/v2\/wp-content\/uploads\/2017\/10\/WhatsApp-Image-2017-10-07-at-14.27.16.jpeg\"><img loading=\"lazy\" decoding=\"async\" aria-describedby=\"caption-attachment-4656\" class=\"wp-image-4656 size-medium\" src=\"http:\/\/sinpro-al.com.br\/v2\/wp-content\/uploads\/2017\/10\/WhatsApp-Image-2017-10-07-at-14.27.16-225x300.jpeg\" alt=\"\" width=\"225\" height=\"300\" srcset=\"http:\/\/sinpro-al.com.br\/v2\/wp-content\/uploads\/2017\/10\/WhatsApp-Image-2017-10-07-at-14.27.16-225x300.jpeg 225w, http:\/\/sinpro-al.com.br\/v2\/wp-content\/uploads\/2017\/10\/WhatsApp-Image-2017-10-07-at-14.27.16-768x1024.jpeg 768w, http:\/\/sinpro-al.com.br\/v2\/wp-content\/uploads\/2017\/10\/WhatsApp-Image-2017-10-07-at-14.27.16.jpeg 960w\" sizes=\"auto, (max-width: 225px) 100vw, 225px\" \/><\/a><p id=\"caption-attachment-4656\" class=\"wp-caption-text\">(Marcos Damasceno)<\/p><\/div>\n<p><strong>Mais sobre o escritor<\/strong><\/p>\n<p>O professor Marcos Damasceno nasceu em 1970 na cidade de Santana de Ipanema, sert\u00e3o alagoano. Veio morar em Macei\u00f3 aos seis anos de idade. Fez sua Gradua\u00e7\u00e3o e P\u00f3s-Gradua\u00e7\u00e3o, em Geografia, na Universidade Federal de Alagoas (UFAL). Atua como professor desde 1994.<\/p>\n<p>Damasceno \u00e9 um leitor afiado. \u00c9 f\u00e3 da literatura estrangeira. J\u00e1 leu um pouco de tudo. Literatura russa, estado-unidense, inglesa, francesa e n\u00e3o poderia faltar a literatura brasileira. Suas inspira\u00e7\u00f5es conterr\u00e2neas s\u00e3o Graciliano Ramos, Machado de Assis e Jorge Amado. Ele conta que o fato de ler muito lhe deu motiva\u00e7\u00e3o para come\u00e7ar a escrever.<\/p>\n<p>&nbsp;<\/p>\n","protected":false},"excerpt":{"rendered":"<p>Professor e escritor, Damasceno lan\u00e7ou seu primeito livro durante a 8\u00b0 Bienal Internacional do Livro em Alagoas. \u201cV\u00e1 para Cub\u00e1\u201d conta sobre suas viagens ao pa\u00eds. Apaixonado por Cuba desde a adolesc\u00eancia, quando a conheceu nos jogos ol\u00edmpicos pela televis\u00e3o, ele achava interessante como um pa\u00eds t\u00e3o pequeno, conseguia se destacar no esporte com atletas [&hellip;]<\/p>\n","protected":false},"author":6,"featured_media":4658,"comment_status":"open","ping_status":"open","sticky":false,"template":"","format":"standard","meta":{"footnotes":""},"categories":[4],"tags":[],"class_list":["post-4655","post","type-post","status-publish","format-standard","has-post-thumbnail","hentry","category-noticias-sinpro-al"],"_links":{"self":[{"href":"http:\/\/sinpro-al.com.br\/v2\/index.php?rest_route=\/wp\/v2\/posts\/4655","targetHints":{"allow":["GET"]}}],"collection":[{"href":"http:\/\/sinpro-al.com.br\/v2\/index.php?rest_route=\/wp\/v2\/posts"}],"about":[{"href":"http:\/\/sinpro-al.com.br\/v2\/index.php?rest_route=\/wp\/v2\/types\/post"}],"author":[{"embeddable":true,"href":"http:\/\/sinpro-al.com.br\/v2\/index.php?rest_route=\/wp\/v2\/users\/6"}],"replies":[{"embeddable":true,"href":"http:\/\/sinpro-al.com.br\/v2\/index.php?rest_route=%2Fwp%2Fv2%2Fcomments&post=4655"}],"version-history":[{"count":7,"href":"http:\/\/sinpro-al.com.br\/v2\/index.php?rest_route=\/wp\/v2\/posts\/4655\/revisions"}],"predecessor-version":[{"id":4694,"href":"http:\/\/sinpro-al.com.br\/v2\/index.php?rest_route=\/wp\/v2\/posts\/4655\/revisions\/4694"}],"wp:featuredmedia":[{"embeddable":true,"href":"http:\/\/sinpro-al.com.br\/v2\/index.php?rest_route=\/wp\/v2\/media\/4658"}],"wp:attachment":[{"href":"http:\/\/sinpro-al.com.br\/v2\/index.php?rest_route=%2Fwp%2Fv2%2Fmedia&parent=4655"}],"wp:term":[{"taxonomy":"category","embeddable":true,"href":"http:\/\/sinpro-al.com.br\/v2\/index.php?rest_route=%2Fwp%2Fv2%2Fcategories&post=4655"},{"taxonomy":"post_tag","embeddable":true,"href":"http:\/\/sinpro-al.com.br\/v2\/index.php?rest_route=%2Fwp%2Fv2%2Ftags&post=4655"}],"curies":[{"name":"wp","href":"https:\/\/api.w.org\/{rel}","templated":true}]}}