{"id":4648,"date":"2017-10-09T14:12:04","date_gmt":"2017-10-09T17:12:04","guid":{"rendered":"http:\/\/sinpro-al.com.br\/v2\/?p=4648"},"modified":"2017-10-09T14:13:36","modified_gmt":"2017-10-09T17:13:36","slug":"sinproal-inicia-campanha-apagar-o-professor-e-apagar-o-futuro","status":"publish","type":"post","link":"http:\/\/sinpro-al.com.br\/v2\/?p=4648","title":{"rendered":"Sinpro\/AL inicia campanha \u201cApagar o professor \u00e9 apagar o futuro\u201d"},"content":{"rendered":"<div id=\"attachment_4649\" style=\"width: 310px\" class=\"wp-caption alignleft\"><a href=\"http:\/\/sinpro-al.com.br\/v2\/wp-content\/uploads\/2017\/10\/campanha-Sinpro-AL.jpg\"><img loading=\"lazy\" decoding=\"async\" aria-describedby=\"caption-attachment-4649\" class=\"wp-image-4649 size-medium\" src=\"http:\/\/sinpro-al.com.br\/v2\/wp-content\/uploads\/2017\/10\/campanha-Sinpro-AL-300x202.jpg\" alt=\"\" width=\"300\" height=\"202\" srcset=\"http:\/\/sinpro-al.com.br\/v2\/wp-content\/uploads\/2017\/10\/campanha-Sinpro-AL-300x202.jpg 300w, http:\/\/sinpro-al.com.br\/v2\/wp-content\/uploads\/2017\/10\/campanha-Sinpro-AL-768x517.jpg 768w, http:\/\/sinpro-al.com.br\/v2\/wp-content\/uploads\/2017\/10\/campanha-Sinpro-AL.jpg 960w\" sizes=\"auto, (max-width: 300px) 100vw, 300px\" \/><\/a><p id=\"caption-attachment-4649\" class=\"wp-caption-text\">Clique para ampliar a imagem<\/p><\/div>\n<p>O Sindicato dos Professores de Alagoas (Sinpro\/AL) iniciou a campanha \u201cApagar o professor \u00e9 apagar o futuro\u201d, que visa alertar sobre a desprofissionaliza\u00e7\u00e3o do educador. Outdoors foram espalhados pela capital alagoana com a campanha idealizada pela Confedera\u00e7\u00e3o Nacional dos Trabalhadores em Estabelecimentos de Ensino (Contee).<\/p>\n<p>O Sinpro\/AL em parceria com a Contee alerta que o rebaixamento da forma\u00e7\u00e3o, fechamento de licenciaturas, permiss\u00e3o para lecionar a pessoas com \u201cnot\u00f3rio saber\u201d e o magist\u00e9rio tratado como \u201cbico\u201d \u00e9 o reflexo da desvaloriza\u00e7\u00e3o.<\/p>\n<p>A campanha tamb\u00e9m \u00e9 um alerta em alus\u00e3o ao Dia do Professor, no pr\u00f3ximo dia 15, para que a sociedade entenda, cada vez mais, a import\u00e2ncia da qualifica\u00e7\u00e3o e valoriza\u00e7\u00e3o dos docentes.<\/p>\n<p>Somos professores com orgulho e exigimos respeito!<\/p>\n<p>&nbsp;<\/p>\n<p>&nbsp;<\/p>\n","protected":false},"excerpt":{"rendered":"<p>O Sindicato dos Professores de Alagoas (Sinpro\/AL) iniciou a campanha \u201cApagar o professor \u00e9 apagar o futuro\u201d, que visa alertar sobre a desprofissionaliza\u00e7\u00e3o do educador. Outdoors foram espalhados pela capital alagoana com a campanha idealizada pela Confedera\u00e7\u00e3o Nacional dos Trabalhadores em Estabelecimentos de Ensino (Contee). O Sinpro\/AL em parceria com a Contee alerta que o [&hellip;]<\/p>\n","protected":false},"author":4,"featured_media":4649,"comment_status":"open","ping_status":"open","sticky":false,"template":"","format":"standard","meta":{"footnotes":""},"categories":[4],"tags":[],"class_list":["post-4648","post","type-post","status-publish","format-standard","has-post-thumbnail","hentry","category-noticias-sinpro-al"],"_links":{"self":[{"href":"http:\/\/sinpro-al.com.br\/v2\/index.php?rest_route=\/wp\/v2\/posts\/4648","targetHints":{"allow":["GET"]}}],"collection":[{"href":"http:\/\/sinpro-al.com.br\/v2\/index.php?rest_route=\/wp\/v2\/posts"}],"about":[{"href":"http:\/\/sinpro-al.com.br\/v2\/index.php?rest_route=\/wp\/v2\/types\/post"}],"author":[{"embeddable":true,"href":"http:\/\/sinpro-al.com.br\/v2\/index.php?rest_route=\/wp\/v2\/users\/4"}],"replies":[{"embeddable":true,"href":"http:\/\/sinpro-al.com.br\/v2\/index.php?rest_route=%2Fwp%2Fv2%2Fcomments&post=4648"}],"version-history":[{"count":1,"href":"http:\/\/sinpro-al.com.br\/v2\/index.php?rest_route=\/wp\/v2\/posts\/4648\/revisions"}],"predecessor-version":[{"id":4650,"href":"http:\/\/sinpro-al.com.br\/v2\/index.php?rest_route=\/wp\/v2\/posts\/4648\/revisions\/4650"}],"wp:featuredmedia":[{"embeddable":true,"href":"http:\/\/sinpro-al.com.br\/v2\/index.php?rest_route=\/wp\/v2\/media\/4649"}],"wp:attachment":[{"href":"http:\/\/sinpro-al.com.br\/v2\/index.php?rest_route=%2Fwp%2Fv2%2Fmedia&parent=4648"}],"wp:term":[{"taxonomy":"category","embeddable":true,"href":"http:\/\/sinpro-al.com.br\/v2\/index.php?rest_route=%2Fwp%2Fv2%2Fcategories&post=4648"},{"taxonomy":"post_tag","embeddable":true,"href":"http:\/\/sinpro-al.com.br\/v2\/index.php?rest_route=%2Fwp%2Fv2%2Ftags&post=4648"}],"curies":[{"name":"wp","href":"https:\/\/api.w.org\/{rel}","templated":true}]}}