{"id":4625,"date":"2017-10-06T11:20:05","date_gmt":"2017-10-06T14:20:05","guid":{"rendered":"http:\/\/sinpro-al.com.br\/v2\/?p=4625"},"modified":"2017-10-06T11:21:55","modified_gmt":"2017-10-06T14:21:55","slug":"brasilia-diretores-do-sinproal-participam-de-evento-em-defesa-da-educacao","status":"publish","type":"post","link":"http:\/\/sinpro-al.com.br\/v2\/?p=4625","title":{"rendered":"Bras\u00edlia: diretores  do Sinpro\/AL  participam de evento em defesa da educa\u00e7\u00e3o"},"content":{"rendered":"<div id=\"attachment_4626\" style=\"width: 310px\" class=\"wp-caption alignleft\"><a href=\"http:\/\/sinpro-al.com.br\/v2\/wp-content\/uploads\/2017\/10\/WhatsApp-Image-2017-10-04-at-22.28.59.jpeg\"><img loading=\"lazy\" decoding=\"async\" aria-describedby=\"caption-attachment-4626\" class=\"wp-image-4626 size-medium\" src=\"http:\/\/sinpro-al.com.br\/v2\/wp-content\/uploads\/2017\/10\/WhatsApp-Image-2017-10-04-at-22.28.59-300x228.jpeg\" alt=\"\" width=\"300\" height=\"228\" srcset=\"http:\/\/sinpro-al.com.br\/v2\/wp-content\/uploads\/2017\/10\/WhatsApp-Image-2017-10-04-at-22.28.59-300x228.jpeg 300w, http:\/\/sinpro-al.com.br\/v2\/wp-content\/uploads\/2017\/10\/WhatsApp-Image-2017-10-04-at-22.28.59-768x583.jpeg 768w, http:\/\/sinpro-al.com.br\/v2\/wp-content\/uploads\/2017\/10\/WhatsApp-Image-2017-10-04-at-22.28.59-1024x777.jpeg 1024w, http:\/\/sinpro-al.com.br\/v2\/wp-content\/uploads\/2017\/10\/WhatsApp-Image-2017-10-04-at-22.28.59.jpeg 1280w\" sizes=\"auto, (max-width: 300px) 100vw, 300px\" \/><\/a><p id=\"caption-attachment-4626\" class=\"wp-caption-text\">(Jos\u00e9 Nivaldo Mota, Eduardo Vasconcelos e Marcelo Porto)<\/p><\/div>\n<p>Os direitos do Sindicato dos Professores de Alagoas, Eduardo Vasconcelos, Marcelo Porto e Jos\u00e9 Nivaldo Mota marcaram presen\u00e7a no XIX Conselho Sindical (Consind) da Contee,realizado em Bras\u00edlia, que contou com a participa\u00e7\u00e3o de 300 delegados representando 63 sindicatos, sete federa\u00e7\u00f5es e a pr\u00f3pria Confedera\u00e7\u00e3o. Foram aprovados um plano de lutas para o pr\u00f3ximo per\u00edodo e mo\u00e7\u00f5es sobre temas da atualidade.<\/p>\n<p>A mesa da plen\u00e1ria final foi comandada pela coordenadora da Secretaria-Geral, Madalena Guasco, o coordenador da Secretaria de Finan\u00e7as, Jos\u00e9 de Ribamar Virgolino Barroso, e o coordenador-geral da Contee, Gilson Reis. \u201cDebatemos, discutimos, apontamos rumos. O desafio \u00e9 por em pr\u00e1tica, conversar com as bases em nossas entidades e colocar em movimento essas delibera\u00e7\u00f5es, para reverter o quadro desfavor\u00e1vel que estamos vivendo. Agora vamos nos encontrar nas ruas e pra\u00e7as deste pa\u00eds, na luta em conjunto com o povo brasileiro\u201d, afirmou Gilson, ao encerrar o Consind.<\/p>\n<p>Gisele Vargas, coordenadora da Secretaria de Defesa de Direitos de G\u00eanero e LBGTT, informou sobre a realiza\u00e7\u00e3o, no Sinpro-PA e na FeteeSul, de encontros de mulheres \u201conde aprovamos propostas para as companheiras fomentarem esses encontros nos estados, porque pretendemos realizar um encontro nacional no ano que vem. Precisamos de unidade para melhor resistir \u00e0s investidas machistas e homof\u00f3bicas\u201d.<\/p>\n<div id=\"attachment_4631\" style=\"width: 310px\" class=\"wp-caption alignleft\"><a href=\"http:\/\/sinpro-al.com.br\/v2\/wp-content\/uploads\/2017\/10\/WhatsApp-Image-2017-10-06-at-11.17.54-1.jpeg\"><img loading=\"lazy\" decoding=\"async\" aria-describedby=\"caption-attachment-4631\" class=\"wp-image-4631 size-medium\" src=\"http:\/\/sinpro-al.com.br\/v2\/wp-content\/uploads\/2017\/10\/WhatsApp-Image-2017-10-06-at-11.17.54-1-300x225.jpeg\" alt=\"\" width=\"300\" height=\"225\" srcset=\"http:\/\/sinpro-al.com.br\/v2\/wp-content\/uploads\/2017\/10\/WhatsApp-Image-2017-10-06-at-11.17.54-1-300x225.jpeg 300w, http:\/\/sinpro-al.com.br\/v2\/wp-content\/uploads\/2017\/10\/WhatsApp-Image-2017-10-06-at-11.17.54-1-768x576.jpeg 768w, http:\/\/sinpro-al.com.br\/v2\/wp-content\/uploads\/2017\/10\/WhatsApp-Image-2017-10-06-at-11.17.54-1-1024x768.jpeg 1024w, http:\/\/sinpro-al.com.br\/v2\/wp-content\/uploads\/2017\/10\/WhatsApp-Image-2017-10-06-at-11.17.54-1.jpeg 1280w\" sizes=\"auto, (max-width: 300px) 100vw, 300px\" \/><\/a><p id=\"caption-attachment-4631\" class=\"wp-caption-text\">(19\u00b0 CONSID &#8211; Em Bras\u00edlia)<\/p><\/div>\n<p>Em seguida, Gilson lembrou que a Executiva da Contee, quando decidiu o processo do Consind, pensou em tr\u00eas etapas. \u201cA primeira, o pr\u00f3prio Consind, para aprofundar a reflex\u00e3o sobre conjuntura, mundo do trabalho, batalha jur\u00eddica, situa\u00e7\u00e3o da educa\u00e7\u00e3o. A segunda vai ocorrer no fim do m\u00eas de novembro, quando vamos realizar uma reuni\u00e3o nacional de tr\u00eas dias, e diz respeito \u00e0s campanhas salariais ou reivindicat\u00f3rias. Vamos tra\u00e7ar um plano nacional e uma proposta unificada. E a terceira etapa \u00e9 a proposta de realizar uma reuni\u00e3o ampliada da Executiva Plena, em fevereiro. Queremos debater as quest\u00f5es de financiamento, estrutura, organiza\u00e7\u00e3o. Sa\u00edmos daqui compreendendo o que est\u00e1 colocado para n\u00f3s nesse per\u00edodo e, conhecendo os problemas, temos muito mais condi\u00e7\u00f5es de enfrent\u00e1-los\u201d.<\/p>\n<p>Ao submeter ao plen\u00e1rio o plano de lutas, aprovado por unanimidade, Madalena lembrou que \u201co Consind \u00e9 uma atualiza\u00e7\u00e3o das grandes bandeiras de luta da Contee, j\u00e1 afirmadas no nosso congresso\u201d. O plano, que em breve ser\u00e1 disponibilizado no portal da Contee, envolve a\u00e7\u00f5es nacionais, internacionais, campanhas e comunica\u00e7\u00e3o, organiza\u00e7\u00e3o sindical, quest\u00f5es jur\u00eddicas e educa\u00e7\u00e3o.<\/p>\n<p>O coordenador-geral enfatizou quatro propostas: a realiza\u00e7\u00e3o de um Dia Nacional de Lutas e Manifesta\u00e7\u00f5es, em 10 de novembro, v\u00e9spera da vig\u00eancia da contrarreforma trabalhista: \u201cEstamos construindo um campo de unidade com as centrais sindicais. Essa \u00e9 uma prioridade da Contee, mas s\u00f3 ser\u00e1 efetivada se houver engajamento das entidades\u201d. A campanha contra a desprofissionaliza\u00e7\u00e3o \u201cApagar o professor \u00e9 apagar o futuro\u201d, j\u00e1 dispon\u00edvel no portal da Contee: \u201cagora \u00e9 necess\u00e1rio que os sindicatos ajudem a divulgar\u201d. A campanha da CUT pela revoga\u00e7\u00e3o da reforma trabalhista, \u201cque estamos incorporando, uma batalha pol\u00edtica que vamos travar\u201d. E a realiza\u00e7\u00e3o da Confer\u00eancia Nacional Popular de Educa\u00e7\u00e3o (Conape), que \u201ctem que ser uma ampla mobiliza\u00e7\u00e3o pol\u00edtica nos munic\u00edpios, nos estados e nacional em defesa da educa\u00e7\u00e3o brasileira\u201d.<\/p>\n","protected":false},"excerpt":{"rendered":"<p>Os direitos do Sindicato dos Professores de Alagoas, Eduardo Vasconcelos, Marcelo Porto e Jos\u00e9 Nivaldo Mota marcaram presen\u00e7a no XIX Conselho Sindical (Consind) da Contee,realizado em Bras\u00edlia, que contou com a participa\u00e7\u00e3o de 300 delegados representando 63 sindicatos, sete federa\u00e7\u00f5es e a pr\u00f3pria Confedera\u00e7\u00e3o. Foram aprovados um plano de lutas para o pr\u00f3ximo per\u00edodo e [&hellip;]<\/p>\n","protected":false},"author":6,"featured_media":4630,"comment_status":"open","ping_status":"open","sticky":false,"template":"","format":"standard","meta":{"footnotes":""},"categories":[4],"tags":[],"class_list":["post-4625","post","type-post","status-publish","format-standard","has-post-thumbnail","hentry","category-noticias-sinpro-al"],"_links":{"self":[{"href":"http:\/\/sinpro-al.com.br\/v2\/index.php?rest_route=\/wp\/v2\/posts\/4625","targetHints":{"allow":["GET"]}}],"collection":[{"href":"http:\/\/sinpro-al.com.br\/v2\/index.php?rest_route=\/wp\/v2\/posts"}],"about":[{"href":"http:\/\/sinpro-al.com.br\/v2\/index.php?rest_route=\/wp\/v2\/types\/post"}],"author":[{"embeddable":true,"href":"http:\/\/sinpro-al.com.br\/v2\/index.php?rest_route=\/wp\/v2\/users\/6"}],"replies":[{"embeddable":true,"href":"http:\/\/sinpro-al.com.br\/v2\/index.php?rest_route=%2Fwp%2Fv2%2Fcomments&post=4625"}],"version-history":[{"count":3,"href":"http:\/\/sinpro-al.com.br\/v2\/index.php?rest_route=\/wp\/v2\/posts\/4625\/revisions"}],"predecessor-version":[{"id":4632,"href":"http:\/\/sinpro-al.com.br\/v2\/index.php?rest_route=\/wp\/v2\/posts\/4625\/revisions\/4632"}],"wp:featuredmedia":[{"embeddable":true,"href":"http:\/\/sinpro-al.com.br\/v2\/index.php?rest_route=\/wp\/v2\/media\/4630"}],"wp:attachment":[{"href":"http:\/\/sinpro-al.com.br\/v2\/index.php?rest_route=%2Fwp%2Fv2%2Fmedia&parent=4625"}],"wp:term":[{"taxonomy":"category","embeddable":true,"href":"http:\/\/sinpro-al.com.br\/v2\/index.php?rest_route=%2Fwp%2Fv2%2Fcategories&post=4625"},{"taxonomy":"post_tag","embeddable":true,"href":"http:\/\/sinpro-al.com.br\/v2\/index.php?rest_route=%2Fwp%2Fv2%2Ftags&post=4625"}],"curies":[{"name":"wp","href":"https:\/\/api.w.org\/{rel}","templated":true}]}}