{"id":4618,"date":"2017-10-05T09:49:57","date_gmt":"2017-10-05T12:49:57","guid":{"rendered":"http:\/\/sinpro-al.com.br\/v2\/?p=4618"},"modified":"2017-10-05T09:49:57","modified_gmt":"2017-10-05T12:49:57","slug":"portal-ctb-destaca-campanha-nacional-contra-desprofissionalizacao-do-professor","status":"publish","type":"post","link":"http:\/\/sinpro-al.com.br\/v2\/?p=4618","title":{"rendered":"Portal CTB destaca Campanha Nacional contra Desprofissionaliza\u00e7\u00e3o do Professor"},"content":{"rendered":"<h4><a href=\"http:\/\/sinpro-al.com.br\/v2\/wp-content\/uploads\/2017\/10\/campanha-1.jpg\"><img loading=\"lazy\" decoding=\"async\" class=\"size-medium wp-image-4620 alignleft\" src=\"http:\/\/sinpro-al.com.br\/v2\/wp-content\/uploads\/2017\/10\/campanha-1-300x210.jpg\" alt=\"\" width=\"300\" height=\"210\" srcset=\"http:\/\/sinpro-al.com.br\/v2\/wp-content\/uploads\/2017\/10\/campanha-1-300x210.jpg 300w, http:\/\/sinpro-al.com.br\/v2\/wp-content\/uploads\/2017\/10\/campanha-1-768x538.jpg 768w, http:\/\/sinpro-al.com.br\/v2\/wp-content\/uploads\/2017\/10\/campanha-1.jpg 1000w\" sizes=\"auto, (max-width: 300px) 100vw, 300px\" \/><\/a>Contee lan\u00e7a campanha nacional pela valoriza\u00e7\u00e3o do profissional do magist\u00e9rio<\/h4>\n<p>\u201cA educa\u00e7\u00e3o brasileira corre s\u00e9rio risco com as medidas que v\u00eam sendo tomadas pelo governo de Michel Temer\u201d, diz Madalena Guasco Peixoto, secret\u00e1ria-geral e vice-coordenadora da Confedera\u00e7\u00e3o Nacional dos Trabalhadores em Estabelecimentos de Ensino (Contee).Para se contrapor \u00e0s amea\u00e7as que pairam sobre a educa\u00e7\u00e3o, principalmente no setor p\u00fablico, a Contee lan\u00e7a a Campanha Nacional contra a Desprofissionaliza\u00e7\u00e3o do Professor. \u201cO nosso objetivo \u00e9 mostrar \u00e0 sociedade a import\u00e2ncia de termos uma boa educa\u00e7\u00e3o para garantir um futuro pleno de possibilidades para as nossas crian\u00e7as e jovens\u201d, acentua.Al\u00e9m do projeto Escola Sem Partido e o congelamento dos investimentos em educa\u00e7\u00e3o por 20 anos, Peixoto cita tr\u00eas medidas, que na sua opini\u00e3o mostram o car\u00e1ter das reformas propostas pelo governo federal.A primeira medida citada \u00e9 o rebaixamento da licenciatura de 3.600 horas para 100 horas e ainda \u00e0 dist\u00e2ncia. \u201cDessa forma, qualquer pode fazer esse curso e em 100 horas fica habilitado a dar aula sobre o que estudou nesse escasso per\u00edodo\u201d, conta.<\/p>\n<p>Outro projeto \u00e9 a portaria que liberou o ensino \u00e0 dist\u00e2ncia para a<\/p>\n<p>educa\u00e7\u00e3o b\u00e1sica. \u201cAssim elimina a figura da professora e liquida com a possibilidade de um ensino voltado para o desenvolvimento pleno dos alunos e a socializa\u00e7\u00e3o do conhecimento, a troca de experi\u00eancias\u201d.<\/p>\n<p><strong>Assista o v\u00eddeo da campanha:\u00a0<\/strong><\/p>\n<div style=\"width: 640px;\" class=\"wp-video\"><!--[if lt IE 9]><script>document.createElement('video');<\/script><![endif]-->\n<video class=\"wp-video-shortcode\" id=\"video-4618-1\" width=\"640\" height=\"352\" preload=\"metadata\" controls=\"controls\"><source type=\"video\/mp4\" src=\"http:\/\/sinpro-al.com.br\/v2\/wp-content\/uploads\/2017\/10\/WhatsApp-Video-2017-10-04-at-12.36.18.mp4?_=1\" \/><a href=\"http:\/\/sinpro-al.com.br\/v2\/wp-content\/uploads\/2017\/10\/WhatsApp-Video-2017-10-04-at-12.36.18.mp4\">http:\/\/sinpro-al.com.br\/v2\/wp-content\/uploads\/2017\/10\/WhatsApp-Video-2017-10-04-at-12.36.18.mp4<\/a><\/video><\/div>\n<p>Finalmente, diz Peixoto, \u201ca reforma do ensino m\u00e9dio detona a possibilidade de uma educa\u00e7\u00e3o voltada para a amplia\u00e7\u00e3o dos horizontes das pessoas\u201d. Ela cita ainda a inten\u00e7\u00e3o do Minist\u00e9rio da Educa\u00e7\u00e3o (MEC) em \u201cprivatizar as escolas, que poder\u00e3o terceirizar o seu quadro de funcion\u00e1rios, inclusive professoras e professores\u201d.<\/p>\n<p>J\u00e1 para Marilene Betros, secret\u00e1ria de Pol\u00edticas Educacionais da Central dos Trabalhadores e Trabalhadoras do Brasil (CTB), \u201ca campanha da Contee \u00e9 interessante porque apresenta \u00e0 sociedade o desmonte que esse governo est\u00e1 fazendo na educa\u00e7\u00e3o p\u00fablica principalmente\u201d.<\/p>\n<p>Betros afirma que o Piso Salarial Nacional do Magist\u00e9rio e a obrigatoriedade de se aplicar os planos de carreira, valorizando a forma\u00e7\u00e3o \u201cpodem ir por \u00e1gua abaixo com essas medidas in\u00f3spitas tomadas pelo MEC e pelo Congresso Nacional. Medidas que favorecem apenas a uma minoria muito rica que pode arcar com os custos de uma educa\u00e7\u00e3o extremamente cara para os seus filhos e filhas\u201d.<\/p>\n<p>Ela questiona tamb\u00e9m a possibilidade de educadoras e educadores poderem ser contratados com base no \u201cnot\u00f3rio saber\u201d. De acordo com a sindicalista da CTB, \u201ccom isso qualquer um poder\u00e1 lecionar, mesmo sem ter did\u00e1tica alguma\u201d.<\/p>\n<p>Peixoto explica que essa \u00e1 a primeira fase da campanha. Na pr\u00f3xima fase \u201cfrequentaremos todas as assembleias legislativas estaduais para mostrar o perigo de o pa\u00eds ficar sem professores e sem uma educa\u00e7\u00e3o compat\u00edvel com as nossas necessidades\u201d.<\/p>\n<p>\u201cUm pa\u00eds sem professores e professoras \u00e9 um pa\u00eds sem futuro\u201d, conclui a jornalista T\u00e1scia Souza no site da Contee.<\/p>\n<p><strong><em>Por Marcos Aur\u00e9lio Ruy, do\u00a0Portal CTB<\/em>\u00a0\u00a0<\/strong><\/p>\n","protected":false},"excerpt":{"rendered":"<p>Contee lan\u00e7a campanha nacional pela valoriza\u00e7\u00e3o do profissional do magist\u00e9rio \u201cA educa\u00e7\u00e3o brasileira corre s\u00e9rio risco com as medidas que v\u00eam sendo tomadas pelo governo de Michel Temer\u201d, diz Madalena Guasco Peixoto, secret\u00e1ria-geral e vice-coordenadora da Confedera\u00e7\u00e3o Nacional dos Trabalhadores em Estabelecimentos de Ensino (Contee).Para se contrapor \u00e0s amea\u00e7as que pairam sobre a educa\u00e7\u00e3o, principalmente [&hellip;]<\/p>\n","protected":false},"author":6,"featured_media":4620,"comment_status":"open","ping_status":"open","sticky":false,"template":"","format":"standard","meta":{"footnotes":""},"categories":[14],"tags":[],"class_list":["post-4618","post","type-post","status-publish","format-standard","has-post-thumbnail","hentry","category-brasil"],"_links":{"self":[{"href":"http:\/\/sinpro-al.com.br\/v2\/index.php?rest_route=\/wp\/v2\/posts\/4618","targetHints":{"allow":["GET"]}}],"collection":[{"href":"http:\/\/sinpro-al.com.br\/v2\/index.php?rest_route=\/wp\/v2\/posts"}],"about":[{"href":"http:\/\/sinpro-al.com.br\/v2\/index.php?rest_route=\/wp\/v2\/types\/post"}],"author":[{"embeddable":true,"href":"http:\/\/sinpro-al.com.br\/v2\/index.php?rest_route=\/wp\/v2\/users\/6"}],"replies":[{"embeddable":true,"href":"http:\/\/sinpro-al.com.br\/v2\/index.php?rest_route=%2Fwp%2Fv2%2Fcomments&post=4618"}],"version-history":[{"count":1,"href":"http:\/\/sinpro-al.com.br\/v2\/index.php?rest_route=\/wp\/v2\/posts\/4618\/revisions"}],"predecessor-version":[{"id":4621,"href":"http:\/\/sinpro-al.com.br\/v2\/index.php?rest_route=\/wp\/v2\/posts\/4618\/revisions\/4621"}],"wp:featuredmedia":[{"embeddable":true,"href":"http:\/\/sinpro-al.com.br\/v2\/index.php?rest_route=\/wp\/v2\/media\/4620"}],"wp:attachment":[{"href":"http:\/\/sinpro-al.com.br\/v2\/index.php?rest_route=%2Fwp%2Fv2%2Fmedia&parent=4618"}],"wp:term":[{"taxonomy":"category","embeddable":true,"href":"http:\/\/sinpro-al.com.br\/v2\/index.php?rest_route=%2Fwp%2Fv2%2Fcategories&post=4618"},{"taxonomy":"post_tag","embeddable":true,"href":"http:\/\/sinpro-al.com.br\/v2\/index.php?rest_route=%2Fwp%2Fv2%2Ftags&post=4618"}],"curies":[{"name":"wp","href":"https:\/\/api.w.org\/{rel}","templated":true}]}}