{"id":4560,"date":"2017-09-25T10:58:59","date_gmt":"2017-09-25T13:58:59","guid":{"rendered":"http:\/\/sinpro-al.com.br\/v2\/?p=4560"},"modified":"2017-09-25T10:59:19","modified_gmt":"2017-09-25T13:59:19","slug":"edital-de-convocacao-4","status":"publish","type":"post","link":"http:\/\/sinpro-al.com.br\/v2\/?p=4560","title":{"rendered":"EDITAL DE CONVOCA\u00c7\u00c3O &#8211; Fasvipa"},"content":{"rendered":"<p>O presidente do Sindicato dos Professores de Alagoas, Eduardo Jorge Vasconcelos de Lima, convoca Assembleia Extraordin\u00e1ria espec\u00edfica para os professores da Faculdade S\u00e3o Vicente de P\u00e3o de A\u00e7\u00facar (Fasvipa) atrav\u00e9s de edital para comparecer na sede do Sinpro\/AL no dia 27 de setembro de 2017, na Rua Santa Cruz, 352, no bairro do Farol, em Macei\u00f3, para deliberar sobre:<\/p>\n<p>1 \u2013 An\u00e1lise da proposta enviada pela IES, no dia 22 de setembro de 2017, para os pagamentos dos sal\u00e1rios atrasados.<\/p>\n<p>A primeira convoca\u00e7\u00e3o para Assembleia acontece \u00e0s 17h e a segunda \u00e0s 17h30.<\/p>\n<p>Macei\u00f3, AL, 25 de setembro de 2017.<\/p>\n<p>Eduardo Jorge Vasconcelos de Lima<\/p>\n<p>Presidente do Sindicato dos Professores de Alagoas<\/p>\n","protected":false},"excerpt":{"rendered":"<p>O presidente do Sindicato dos Professores de Alagoas, Eduardo Jorge Vasconcelos de Lima, convoca Assembleia Extraordin\u00e1ria espec\u00edfica para os professores da Faculdade S\u00e3o Vicente de P\u00e3o de A\u00e7\u00facar (Fasvipa) atrav\u00e9s de edital para comparecer na sede do Sinpro\/AL no dia 27 de setembro de 2017, na Rua Santa Cruz, 352, no bairro do Farol, em [&hellip;]<\/p>\n","protected":false},"author":6,"featured_media":4562,"comment_status":"open","ping_status":"open","sticky":false,"template":"","format":"standard","meta":{"footnotes":""},"categories":[4],"tags":[],"class_list":["post-4560","post","type-post","status-publish","format-standard","has-post-thumbnail","hentry","category-noticias-sinpro-al"],"_links":{"self":[{"href":"http:\/\/sinpro-al.com.br\/v2\/index.php?rest_route=\/wp\/v2\/posts\/4560","targetHints":{"allow":["GET"]}}],"collection":[{"href":"http:\/\/sinpro-al.com.br\/v2\/index.php?rest_route=\/wp\/v2\/posts"}],"about":[{"href":"http:\/\/sinpro-al.com.br\/v2\/index.php?rest_route=\/wp\/v2\/types\/post"}],"author":[{"embeddable":true,"href":"http:\/\/sinpro-al.com.br\/v2\/index.php?rest_route=\/wp\/v2\/users\/6"}],"replies":[{"embeddable":true,"href":"http:\/\/sinpro-al.com.br\/v2\/index.php?rest_route=%2Fwp%2Fv2%2Fcomments&post=4560"}],"version-history":[{"count":2,"href":"http:\/\/sinpro-al.com.br\/v2\/index.php?rest_route=\/wp\/v2\/posts\/4560\/revisions"}],"predecessor-version":[{"id":4564,"href":"http:\/\/sinpro-al.com.br\/v2\/index.php?rest_route=\/wp\/v2\/posts\/4560\/revisions\/4564"}],"wp:featuredmedia":[{"embeddable":true,"href":"http:\/\/sinpro-al.com.br\/v2\/index.php?rest_route=\/wp\/v2\/media\/4562"}],"wp:attachment":[{"href":"http:\/\/sinpro-al.com.br\/v2\/index.php?rest_route=%2Fwp%2Fv2%2Fmedia&parent=4560"}],"wp:term":[{"taxonomy":"category","embeddable":true,"href":"http:\/\/sinpro-al.com.br\/v2\/index.php?rest_route=%2Fwp%2Fv2%2Fcategories&post=4560"},{"taxonomy":"post_tag","embeddable":true,"href":"http:\/\/sinpro-al.com.br\/v2\/index.php?rest_route=%2Fwp%2Fv2%2Ftags&post=4560"}],"curies":[{"name":"wp","href":"https:\/\/api.w.org\/{rel}","templated":true}]}}