{"id":4545,"date":"2017-09-20T14:54:57","date_gmt":"2017-09-20T17:54:57","guid":{"rendered":"http:\/\/sinpro-al.com.br\/v2\/?p=4545"},"modified":"2017-09-20T14:55:04","modified_gmt":"2017-09-20T17:55:04","slug":"sinproal-ira-participar-de-audiencia-sobre-programas-de-formacao-sindical","status":"publish","type":"post","link":"http:\/\/sinpro-al.com.br\/v2\/?p=4545","title":{"rendered":"Sinpro\/AL ir\u00e1 participar de audi\u00eancia sobre programas de forma\u00e7\u00e3o sindical"},"content":{"rendered":"<p><a href=\"http:\/\/sinpro-al.com.br\/v2\/wp-content\/uploads\/2017\/09\/forma\u00e7\u00e3o.jpg\"><img loading=\"lazy\" decoding=\"async\" class=\"alignleft size-medium wp-image-4546\" src=\"http:\/\/sinpro-al.com.br\/v2\/wp-content\/uploads\/2017\/09\/forma\u00e7\u00e3o-300x227.jpg\" alt=\"\" width=\"300\" height=\"227\" srcset=\"http:\/\/sinpro-al.com.br\/v2\/wp-content\/uploads\/2017\/09\/forma\u00e7\u00e3o-300x227.jpg 300w, http:\/\/sinpro-al.com.br\/v2\/wp-content\/uploads\/2017\/09\/forma\u00e7\u00e3o-768x580.jpg 768w, http:\/\/sinpro-al.com.br\/v2\/wp-content\/uploads\/2017\/09\/forma\u00e7\u00e3o.jpg 792w\" sizes=\"auto, (max-width: 300px) 100vw, 300px\" \/><\/a>O Sindicato dos Professores de Alagoas (Sinpro\/AL) foi convidado para participar de audi\u00eancia que ser\u00e1 realizada na pr\u00f3xima sexta-feira, 22\/09, na sede da PRT da 19\u00aa Regi\u00e3o, em que ser\u00e1 discutido com entidades classistas, federa\u00e7\u00e3o e centrais sindicais atividades conjuntas entre o movimento sindical e o MPT, bem como, meios de realiza\u00e7\u00e3o de programas de forma\u00e7\u00e3o sindical por parte dos sindicalistas e dos trabalhadores, como um modo de fortalecimento das lutas sindicais e sociais.<\/p>\n<p>Desde j\u00e1 a diretoria do Sinpro\/AL garante presen\u00e7a no evento e entende que esse tipo de discuss\u00e3o fomenta a defesa e amplia\u00e7\u00e3o dos direitos dos trabalhadores.<\/p>\n<p>Somos professores com orgulho e exigimos respeito!<\/p>\n<p>&nbsp;<\/p>\n<p>&nbsp;<\/p>\n<p>&nbsp;<\/p>\n","protected":false},"excerpt":{"rendered":"<p>O Sindicato dos Professores de Alagoas (Sinpro\/AL) foi convidado para participar de audi\u00eancia que ser\u00e1 realizada na pr\u00f3xima sexta-feira, 22\/09, na sede da PRT da 19\u00aa Regi\u00e3o, em que ser\u00e1 discutido com entidades classistas, federa\u00e7\u00e3o e centrais sindicais atividades conjuntas entre o movimento sindical e o MPT, bem como, meios de realiza\u00e7\u00e3o de programas de [&hellip;]<\/p>\n","protected":false},"author":4,"featured_media":4546,"comment_status":"open","ping_status":"open","sticky":false,"template":"","format":"standard","meta":{"footnotes":""},"categories":[4],"tags":[],"class_list":["post-4545","post","type-post","status-publish","format-standard","has-post-thumbnail","hentry","category-noticias-sinpro-al"],"_links":{"self":[{"href":"http:\/\/sinpro-al.com.br\/v2\/index.php?rest_route=\/wp\/v2\/posts\/4545","targetHints":{"allow":["GET"]}}],"collection":[{"href":"http:\/\/sinpro-al.com.br\/v2\/index.php?rest_route=\/wp\/v2\/posts"}],"about":[{"href":"http:\/\/sinpro-al.com.br\/v2\/index.php?rest_route=\/wp\/v2\/types\/post"}],"author":[{"embeddable":true,"href":"http:\/\/sinpro-al.com.br\/v2\/index.php?rest_route=\/wp\/v2\/users\/4"}],"replies":[{"embeddable":true,"href":"http:\/\/sinpro-al.com.br\/v2\/index.php?rest_route=%2Fwp%2Fv2%2Fcomments&post=4545"}],"version-history":[{"count":1,"href":"http:\/\/sinpro-al.com.br\/v2\/index.php?rest_route=\/wp\/v2\/posts\/4545\/revisions"}],"predecessor-version":[{"id":4547,"href":"http:\/\/sinpro-al.com.br\/v2\/index.php?rest_route=\/wp\/v2\/posts\/4545\/revisions\/4547"}],"wp:featuredmedia":[{"embeddable":true,"href":"http:\/\/sinpro-al.com.br\/v2\/index.php?rest_route=\/wp\/v2\/media\/4546"}],"wp:attachment":[{"href":"http:\/\/sinpro-al.com.br\/v2\/index.php?rest_route=%2Fwp%2Fv2%2Fmedia&parent=4545"}],"wp:term":[{"taxonomy":"category","embeddable":true,"href":"http:\/\/sinpro-al.com.br\/v2\/index.php?rest_route=%2Fwp%2Fv2%2Fcategories&post=4545"},{"taxonomy":"post_tag","embeddable":true,"href":"http:\/\/sinpro-al.com.br\/v2\/index.php?rest_route=%2Fwp%2Fv2%2Ftags&post=4545"}],"curies":[{"name":"wp","href":"https:\/\/api.w.org\/{rel}","templated":true}]}}