{"id":4535,"date":"2017-09-20T01:01:59","date_gmt":"2017-09-20T04:01:59","guid":{"rendered":"http:\/\/sinpro-al.com.br\/v2\/?p=4535"},"modified":"2017-09-20T10:11:22","modified_gmt":"2017-09-20T13:11:22","slug":"professores-de-faculdade-podem-entrar-em-greve","status":"publish","type":"post","link":"http:\/\/sinpro-al.com.br\/v2\/?p=4535","title":{"rendered":"Professores de faculdade podem entrar em greve"},"content":{"rendered":"<div id=\"attachment_4536\" style=\"width: 310px\" class=\"wp-caption alignleft\"><a href=\"http:\/\/sinpro-al.com.br\/v2\/wp-content\/uploads\/2017\/09\/ato.jpg\"><img loading=\"lazy\" decoding=\"async\" aria-describedby=\"caption-attachment-4536\" class=\"wp-image-4536 size-medium\" src=\"http:\/\/sinpro-al.com.br\/v2\/wp-content\/uploads\/2017\/09\/ato-300x300.jpg\" alt=\"\" width=\"300\" height=\"300\" srcset=\"http:\/\/sinpro-al.com.br\/v2\/wp-content\/uploads\/2017\/09\/ato-300x300.jpg 300w, http:\/\/sinpro-al.com.br\/v2\/wp-content\/uploads\/2017\/09\/ato-150x150.jpg 150w, http:\/\/sinpro-al.com.br\/v2\/wp-content\/uploads\/2017\/09\/ato-768x768.jpg 768w, http:\/\/sinpro-al.com.br\/v2\/wp-content\/uploads\/2017\/09\/ato-1024x1024.jpg 1024w, http:\/\/sinpro-al.com.br\/v2\/wp-content\/uploads\/2017\/09\/ato-45x45.jpg 45w, http:\/\/sinpro-al.com.br\/v2\/wp-content\/uploads\/2017\/09\/ato.jpg 1773w\" sizes=\"auto, (max-width: 300px) 100vw, 300px\" \/><\/a><p id=\"caption-attachment-4536\" class=\"wp-caption-text\">Ainda em 2016: os diretores do Sinpro\/AL, Marcelo Porto e Eduardo Vasconcelos participaram de ato em defesa dos professores. Problema de atraso salarial se repete em 2017<\/p><\/div>\n<p>Os professores da Faculdade S\u00e3o Vicente de P\u00e3o de A\u00e7\u00facar (Fasvipa) decidiram durante assembleia no Sindicato dos Professores de Alagoas (Sinpro\/AL) suspenderem por tempo indeterminado a greve realizada na institui\u00e7\u00e3o. Os docentes reclamam dos sal\u00e1rios atrasados e a falta de posicionamento do estabelecimento de ensino em rela\u00e7\u00e3o a problem\u00e1tica.<\/p>\n<p>Na mesma assembleia ficou decido que os professores est\u00e3o com as atividades paralisadas entre os dias 18\/9 e 22\/9 para que a diretoria da Fasvipa se posicione.<\/p>\n<p>Ap\u00f3s o encerramento do movimento de paralisa\u00e7\u00e3o, uma nova assembleia na sede do Sindicato dos Professores de Alagoas, em Macei\u00f3, ser\u00e1 realizada para que os professores analisem a proposta da Faculdade e possam decidir pela deflagra\u00e7\u00e3o da greve por tempo indeterminado ou ao retorno das atividades.<\/p>\n<p>A diretoria do Sinpro\/AL expressa sua solidariedade aos professores da Fasvipa e apoia a decis\u00e3o dos docentes que ser\u00e1 tomada na pr\u00f3xima sexta-feira, 22\/9.<\/p>\n<p>Somos professores com orgulho e exigimos respeito!<\/p>\n","protected":false},"excerpt":{"rendered":"<p>Os professores da Faculdade S\u00e3o Vicente de P\u00e3o de A\u00e7\u00facar (Fasvipa) decidiram durante assembleia no Sindicato dos Professores de Alagoas (Sinpro\/AL) suspenderem por tempo indeterminado a greve realizada na institui\u00e7\u00e3o. Os docentes reclamam dos sal\u00e1rios atrasados e a falta de posicionamento do estabelecimento de ensino em rela\u00e7\u00e3o a problem\u00e1tica. Na mesma assembleia ficou decido que [&hellip;]<\/p>\n","protected":false},"author":4,"featured_media":4536,"comment_status":"open","ping_status":"open","sticky":false,"template":"","format":"standard","meta":{"footnotes":""},"categories":[4],"tags":[],"class_list":["post-4535","post","type-post","status-publish","format-standard","has-post-thumbnail","hentry","category-noticias-sinpro-al"],"_links":{"self":[{"href":"http:\/\/sinpro-al.com.br\/v2\/index.php?rest_route=\/wp\/v2\/posts\/4535","targetHints":{"allow":["GET"]}}],"collection":[{"href":"http:\/\/sinpro-al.com.br\/v2\/index.php?rest_route=\/wp\/v2\/posts"}],"about":[{"href":"http:\/\/sinpro-al.com.br\/v2\/index.php?rest_route=\/wp\/v2\/types\/post"}],"author":[{"embeddable":true,"href":"http:\/\/sinpro-al.com.br\/v2\/index.php?rest_route=\/wp\/v2\/users\/4"}],"replies":[{"embeddable":true,"href":"http:\/\/sinpro-al.com.br\/v2\/index.php?rest_route=%2Fwp%2Fv2%2Fcomments&post=4535"}],"version-history":[{"count":1,"href":"http:\/\/sinpro-al.com.br\/v2\/index.php?rest_route=\/wp\/v2\/posts\/4535\/revisions"}],"predecessor-version":[{"id":4537,"href":"http:\/\/sinpro-al.com.br\/v2\/index.php?rest_route=\/wp\/v2\/posts\/4535\/revisions\/4537"}],"wp:featuredmedia":[{"embeddable":true,"href":"http:\/\/sinpro-al.com.br\/v2\/index.php?rest_route=\/wp\/v2\/media\/4536"}],"wp:attachment":[{"href":"http:\/\/sinpro-al.com.br\/v2\/index.php?rest_route=%2Fwp%2Fv2%2Fmedia&parent=4535"}],"wp:term":[{"taxonomy":"category","embeddable":true,"href":"http:\/\/sinpro-al.com.br\/v2\/index.php?rest_route=%2Fwp%2Fv2%2Fcategories&post=4535"},{"taxonomy":"post_tag","embeddable":true,"href":"http:\/\/sinpro-al.com.br\/v2\/index.php?rest_route=%2Fwp%2Fv2%2Ftags&post=4535"}],"curies":[{"name":"wp","href":"https:\/\/api.w.org\/{rel}","templated":true}]}}