{"id":4444,"date":"2017-08-30T11:24:57","date_gmt":"2017-08-30T14:24:57","guid":{"rendered":"http:\/\/sinpro-al.com.br\/v2\/?p=4444"},"modified":"2017-08-30T11:45:48","modified_gmt":"2017-08-30T14:45:48","slug":"sinpro-saude-o-que-tem-afastado-tantos-professores-da-sala-de-aula","status":"publish","type":"post","link":"http:\/\/sinpro-al.com.br\/v2\/?p=4444","title":{"rendered":"Sinpro Sa\u00fade: O que tem afastado tantos professores da sala de aula?"},"content":{"rendered":"<p><a href=\"http:\/\/sinpro-al.com.br\/v2\/wp-content\/uploads\/2017\/08\/1-sindrome-de-burnout.jpg\"><img loading=\"lazy\" decoding=\"async\" class=\"size-medium wp-image-4445 alignleft\" src=\"http:\/\/sinpro-al.com.br\/v2\/wp-content\/uploads\/2017\/08\/1-sindrome-de-burnout-300x144.jpg\" alt=\"\" width=\"300\" height=\"144\" srcset=\"http:\/\/sinpro-al.com.br\/v2\/wp-content\/uploads\/2017\/08\/1-sindrome-de-burnout-300x144.jpg 300w, http:\/\/sinpro-al.com.br\/v2\/wp-content\/uploads\/2017\/08\/1-sindrome-de-burnout-768x369.jpg 768w, http:\/\/sinpro-al.com.br\/v2\/wp-content\/uploads\/2017\/08\/1-sindrome-de-burnout.jpg 864w\" sizes=\"auto, (max-width: 300px) 100vw, 300px\" \/><\/a>Stress, cansa\u00e7o f\u00edsico e mental! Lidamos com uma Educa\u00e7\u00e3o minada de desvaloriza\u00e7\u00e3o do profissional, que inclui baixos sal\u00e1rios, grande carga hor\u00e1ria de trabalho, sobrecarga de trabalhos, provas, listas de exerc\u00edcios, planejamento de aula que s\u00e3o feitos nos finais de semana, em casa: press\u00e3o administrativa desde o alto at\u00e9 o baixo escal\u00e3o, indisciplina dos alunos, incluindo falta de respeito, amea\u00e7as e at\u00e9 agress\u00f5es.<\/p>\n<p>Esses s\u00e3o alguns dos motivos que podem levar o profissional ao seu limite m\u00e1ximo de stresse, deixando o professor doente e sendo obrigado a se ausentar da sala de aula. Uma dessas doen\u00e7as \u00e9 a S\u00edndrome do P\u00e2nico, que gera o medo psicol\u00f3gico e a falta de controle.<\/p>\n<h4><\/h4>\n<p>&nbsp;<\/p>\n<p><strong>Conhe\u00e7a sobre a\u00a0S\u00edndrome do P\u00e2nico:<\/strong><\/p>\n<p>Este dist\u00farbio \u00e9 nitidamente diferente de outros tipos de ansiedade, caracterizando-se por crises s\u00fabitas, sem fatores desencadeantes aparentes e, frequentemente, incapacitantes. Depois de ter uma crise de p\u00e2nico a pessoa pode desenvolver medos irracionais (chamados fobias) destas situa\u00e7\u00f5es e come\u00e7ar a evit\u00e1-las.<\/p>\n<p>Os sintomas f\u00edsicos de uma crise de p\u00e2nico aparecem subitamente, sem nenhuma causa aparente. Os sintomas s\u00e3o como uma prepara\u00e7\u00e3o do corpo para alguma &#8220;coisa terr\u00edvel&#8221;. A rea\u00e7\u00e3o natural \u00e9 acionar os mecanismos de fuga. Diante do perigo, o organismo trata de aumentar a irriga\u00e7\u00e3o de sangue no c\u00e9rebro e nos membros usados para fugir \u2014 em detrimento de outras partes do corpo.<\/p>\n<p>Os sintomas s\u00e3o desencadeados a partir da libera\u00e7\u00e3o de adrenalina frente a um est\u00edmulo considerado como potencialmente perigoso. A adrenalina provoca altera\u00e7\u00f5es fisiol\u00f3gicas que preparam o indiv\u00edduo para o enfrentamento desse perigo: aumento da frequ\u00eancia card\u00edaca e respirat\u00f3ria, a fim de melhor oxigena\u00e7\u00e3o muscular; e o aumento da frequ\u00eancia respirat\u00f3ria (hiperventila\u00e7\u00e3o) \u00e9 o principal motivo do surgimento dos sintomas.<\/p>\n<p>O transtorno do p\u00e2nico \u00e9 um s\u00e9rio problema de sa\u00fade, mas pode ser tratado. Geralmente ele \u00e9 disparado em jovens adultos, cerca de metade dos indiv\u00edduos que t\u00eam transtorno do p\u00e2nico o manifestam antes dos 24 anos de idade, mas algumas pesquisas indicam que a manifesta\u00e7\u00e3o ocorre com mais freq\u00fc\u00eancia dos 25 aos 30 anos. Mulheres s\u00e3o duas vezes mais propensas a desenvolverem o transtorno do p\u00e2nico do que os homens.<\/p>\n<p>O transtorno do p\u00e2nico pode durar meses ou mesmo anos, dependendo de como e quando o tratamento \u00e9 realizado. Se n\u00e3o tratado, pode piorar a ponto de afetar seriamente a vida social do indiv\u00edduo, que tenta evitar os ataques e acaba os tendo. De fato, muitas pessoas tiveram problemas com amigos e familiares ou perderam o emprego em decorr\u00eancia do transtorno do p\u00e2nico.<\/p>\n<p><strong>E aten\u00e7\u00e3o!<\/strong><\/p>\n<p>Lembramos que o Sinpro\/AL realiza um acompanhamento psicol\u00f3gico com os profissionais que estiverem precisando de ajuda, atrav\u00e9s do NAP &#8211; N\u00facleo de Atendimento Psicol\u00f3gico, desenvolvido pelo psic\u00f3logo do Sindicato, Albery Ferreira Lima (CRP 15\/4271) o trabalho \u00e9 realizado na sede do Sinpro\/AL para professores, c\u00f4njuges e filhos.<\/p>\n<p>Entre em contato conosco e agende um hor\u00e1rio, atrav\u00e9s do contato: 3313-3607 ou pelo endere\u00e7o sinprosaude.al@gmail.com de segunda a sexta de 9h \u00e0s 15h.<\/p>\n<p>Somos professores com orgulho e exigimos respeito!<\/p>\n","protected":false},"excerpt":{"rendered":"<p>Stress, cansa\u00e7o f\u00edsico e mental! Lidamos com uma Educa\u00e7\u00e3o minada de desvaloriza\u00e7\u00e3o do profissional, que inclui baixos sal\u00e1rios, grande carga hor\u00e1ria de trabalho, sobrecarga de trabalhos, provas, listas de exerc\u00edcios, planejamento de aula que s\u00e3o feitos nos finais de semana, em casa: press\u00e3o administrativa desde o alto at\u00e9 o baixo escal\u00e3o, indisciplina dos alunos, incluindo [&hellip;]<\/p>\n","protected":false},"author":6,"featured_media":4445,"comment_status":"open","ping_status":"open","sticky":false,"template":"","format":"standard","meta":{"footnotes":""},"categories":[4],"tags":[],"class_list":["post-4444","post","type-post","status-publish","format-standard","has-post-thumbnail","hentry","category-noticias-sinpro-al"],"_links":{"self":[{"href":"http:\/\/sinpro-al.com.br\/v2\/index.php?rest_route=\/wp\/v2\/posts\/4444","targetHints":{"allow":["GET"]}}],"collection":[{"href":"http:\/\/sinpro-al.com.br\/v2\/index.php?rest_route=\/wp\/v2\/posts"}],"about":[{"href":"http:\/\/sinpro-al.com.br\/v2\/index.php?rest_route=\/wp\/v2\/types\/post"}],"author":[{"embeddable":true,"href":"http:\/\/sinpro-al.com.br\/v2\/index.php?rest_route=\/wp\/v2\/users\/6"}],"replies":[{"embeddable":true,"href":"http:\/\/sinpro-al.com.br\/v2\/index.php?rest_route=%2Fwp%2Fv2%2Fcomments&post=4444"}],"version-history":[{"count":11,"href":"http:\/\/sinpro-al.com.br\/v2\/index.php?rest_route=\/wp\/v2\/posts\/4444\/revisions"}],"predecessor-version":[{"id":4457,"href":"http:\/\/sinpro-al.com.br\/v2\/index.php?rest_route=\/wp\/v2\/posts\/4444\/revisions\/4457"}],"wp:featuredmedia":[{"embeddable":true,"href":"http:\/\/sinpro-al.com.br\/v2\/index.php?rest_route=\/wp\/v2\/media\/4445"}],"wp:attachment":[{"href":"http:\/\/sinpro-al.com.br\/v2\/index.php?rest_route=%2Fwp%2Fv2%2Fmedia&parent=4444"}],"wp:term":[{"taxonomy":"category","embeddable":true,"href":"http:\/\/sinpro-al.com.br\/v2\/index.php?rest_route=%2Fwp%2Fv2%2Fcategories&post=4444"},{"taxonomy":"post_tag","embeddable":true,"href":"http:\/\/sinpro-al.com.br\/v2\/index.php?rest_route=%2Fwp%2Fv2%2Ftags&post=4444"}],"curies":[{"name":"wp","href":"https:\/\/api.w.org\/{rel}","templated":true}]}}