{"id":444,"date":"2014-09-17T11:47:33","date_gmt":"2014-09-17T14:47:33","guid":{"rendered":"http:\/\/sinpro-al.com.br\/v2\/?p=444"},"modified":"2014-09-17T11:49:54","modified_gmt":"2014-09-17T14:49:54","slug":"veja-as-propostas-dos-candidatos-a-presidencia-para-a-educacao","status":"publish","type":"post","link":"http:\/\/sinpro-al.com.br\/v2\/?p=444","title":{"rendered":"Veja as propostas dos candidatos \u00e0 Presid\u00eancia para a educa\u00e7\u00e3o"},"content":{"rendered":"<div id=\"attachment_445\" style=\"width: 310px\" class=\"wp-caption alignright\"><a href=\"http:\/\/sinpro-al.com.br\/v2\/wp-content\/uploads\/2014\/09\/sala-de-aula-tradicional-12.jpg\"><img loading=\"lazy\" decoding=\"async\" aria-describedby=\"caption-attachment-445\" class=\"size-medium wp-image-445\" src=\"http:\/\/sinpro-al.com.br\/v2\/wp-content\/uploads\/2014\/09\/sala-de-aula-tradicional-12-300x196.jpg\" alt=\"Internet\/ Ilustra\u00e7\u00e3o\" width=\"300\" height=\"196\" srcset=\"http:\/\/sinpro-al.com.br\/v2\/wp-content\/uploads\/2014\/09\/sala-de-aula-tradicional-12-300x196.jpg 300w, http:\/\/sinpro-al.com.br\/v2\/wp-content\/uploads\/2014\/09\/sala-de-aula-tradicional-12.jpg 500w\" sizes=\"auto, (max-width: 300px) 100vw, 300px\" \/><\/a><p id=\"caption-attachment-445\" class=\"wp-caption-text\">Internet\/ Ilustra\u00e7\u00e3o<\/p><\/div>\n<p>Educa\u00e7\u00e3o \u00e9 um dos temas que mais re\u00fanem propostas entre os programas dos candidatos \u00e0 Presid\u00eancia da Rep\u00fablica entregues \u00e0 Justi\u00e7a Eleitoral. As principais promessas s\u00e3o de melhoria da qualidade do ensino, amplia\u00e7\u00e3o de investimentos na \u00e1rea e implanta\u00e7\u00e3o do sistema integral nas escolas brasileiras.<\/p>\n<p><strong style=\"font-style: inherit;\">Confira as propostas dos candidatos \u00e0 Presid\u00eancia para educa\u00e7\u00e3o:<\/strong><\/p>\n<p><strong style=\"font-style: inherit;\">A\u00e9cio Neves<\/strong>\u00a0(PSDB) defende a universaliza\u00e7\u00e3o da educa\u00e7\u00e3o b\u00e1sica, dos 4 aos 17 anos, e promete criar incentivos para melhorar a forma\u00e7\u00e3o, a carreira e a remunera\u00e7\u00e3o dos professores. O candidato tucano defende a vincula\u00e7\u00e3o das remunera\u00e7\u00f5es de professores \u00e0 melhoria da aprendizagem dos alunos, com sal\u00e1rio inicial atrativo e a coordena\u00e7\u00e3o de uma pol\u00edtica nacional de forma\u00e7\u00e3o de professores, com institui\u00e7\u00f5es formadoras p\u00fablicas e privadas e secretarias municipais e estaduais de educa\u00e7\u00e3o. A\u00e9cio quer implantar a escola de tempo integral e eliminar progressivamente o ensino noturno para jovens que n\u00e3o trabalham. Ele promete apoiar a moderniza\u00e7\u00e3o dos equipamentos escolares, incluindo a instala\u00e7\u00e3o de bibliotecas e laborat\u00f3rios, computadores e acesso a internet e adequa\u00e7\u00e3o t\u00e9rmica dos ambientes. Outras propostas do candidato incluem o aprimoramento do\u00a0<a href=\"http:\/\/educacao.uol.com.br\/temas\/enem\/\">Enem (Exame Nacional do Ensino M\u00e9dio)\u00a0<\/a>e o compromisso de destinar 10% do PIB (Produto Interno Bruto) para a \u00e1rea, sendo 7% ate 2019.<\/p>\n<p><strong style=\"font-style: inherit;\">Dilma Rousseff\u00a0<\/strong>(PT) promete, em um eventual segundo mandato, um governo focado na transforma\u00e7\u00e3o da qualidade do ensino. Dilma destaca, no programa de governo entregue \u00e0 Justi\u00e7a Eleitoral, a decis\u00e3o de destinar recursos origin\u00e1rios da explora\u00e7\u00e3o do petr\u00f3leo, no pr\u00e9 e no p\u00f3s-sal, para as a\u00e7\u00f5es nessa \u00e1rea e disse que o or\u00e7amento da educa\u00e7\u00e3o &#8220;teve consider\u00e1vel aumento em doze anos&#8221;. Segundo ela, a soma dessas duas fontes vai permitir a implanta\u00e7\u00e3o do\u00a0<a href=\"http:\/\/educacao.uol.com.br\/temas\/pne-plano-nacional-de-educacao\/\">PNE (Plano Nacional de Educa\u00e7\u00e3o)<\/a>. A candidata tamb\u00e9m destaca a amplia\u00e7\u00e3o de creches e a qualifica\u00e7\u00e3o da rede de educa\u00e7\u00e3o integral para que atinja at\u00e9 20% da rede p\u00fablica at\u00e9 2018. Dilma ainda garante que vai conceder, at\u00e9 2018, mais 100 mil bolsas do<a href=\"http:\/\/educacao.uol.com.br\/noticias\/2012\/10\/17\/programa-ciencia-sem-fronteiras-ja-ofereceu-177-mil-bolsas-para-o-exterior-veja-como-participar.htm\">Ci\u00eancia sem Fronteiras\u00a0<\/a>e fazer uma mudan\u00e7a curricular e na gest\u00e3o das escolas e criar mecanismos de valoriza\u00e7\u00e3o dos professores.<\/p>\n<p><strong style=\"font-style: inherit;\">Eduardo Jorge<\/strong>\u00a0(PV) se compromete a buscar mais recursos para as pol\u00edticas p\u00fablicas de sa\u00fade e educa\u00e7\u00e3o. As duas \u00e1reas, segundo ele, ter\u00e3o prioridade no remanejamento dos recursos previstos no or\u00e7amento a partir de uma reforma tribut\u00e1ria e cortes de gastos. O ambientalista promete criar carreira nacional para professores, come\u00e7ando pelo ensino fundamental, e definir um piso nacional que pode ter adicionais municipais, estaduais ou federal. Eduardo Jorge ainda promete realizar concursos para valorizar profissionais de educa\u00e7\u00e3o e rever o curr\u00edculo do ensino fundamental. Segundo ele, al\u00e9m dos conte\u00fados tradicionais, ser\u00e3o inclu\u00eddas disciplinas que tratam da forma\u00e7\u00e3o de valores do trabalho, da solidariedade, do respeito \u00e0 diversidade, a observa\u00e7\u00e3o da natureza e a m\u00fasica.<\/p>\n<p><strong style=\"font-style: inherit;\">Eymael<\/strong>\u00a0(PSDC) disse que vai dar prioridade \u00e0 educa\u00e7\u00e3o. Entre as promessas est\u00e3o investimentos para que o ensino fundamental do pa\u00eds se enquadre nas recomenda\u00e7\u00f5es da Organiza\u00e7\u00e3o das Na\u00e7\u00f5es Unidas e a defesa da educa\u00e7\u00e3o inclusiva. Eymael tamb\u00e9m promete informatizar as escolas, promover o ensino integral e ampliar a oferta de cursos t\u00e9cnicos e profissionalizantes. Para o candidato, o curr\u00edculo do ensino fundamental tem que incluir a disciplina Educa\u00e7\u00e3o Moral e C\u00edvica. A valoriza\u00e7\u00e3o das carreiras de profissionais de educa\u00e7\u00e3o e o incentivo \u00e0 municipaliza\u00e7\u00e3o do ensino tamb\u00e9m est\u00e3o no programa de Eymael.<\/p>\n<p><strong style=\"font-style: inherit;\">Levy Fidelix<\/strong>\u00a0(PRTB) afirmou que vai implantar a informatiza\u00e7\u00e3o nas escolas, desde a alfabetiza\u00e7\u00e3o ao ensino m\u00e9dio, com internet de banda larga em todos os munic\u00edpios. Fidelix ainda promete alimenta\u00e7\u00e3o de qualidade para os alunos e reestrutura\u00e7\u00e3o de cargos e sal\u00e1rios dos professores.<\/p>\n<p><strong style=\"font-style: inherit;\">Luciana Genro<\/strong>\u00a0(PSOL) prop\u00f4s uma amplia\u00e7\u00e3o gradual dos investimentos p\u00fablicos, &#8220;coibindo o repasse para as institui\u00e7\u00f5es privadas de modo a universalizar o acesso a todos os n\u00edveis de educa\u00e7\u00e3o de forma gratuita atrav\u00e9s de institui\u00e7\u00f5es p\u00fablicas&#8221;. A candidata ainda garante que vai ampliar &#8220;radicalmente&#8221; os investimentos p\u00fablicos em sa\u00fade e educa\u00e7\u00e3o.<\/p>\n<p><strong style=\"font-style: inherit;\">Marina Silva\u00a0<\/strong>(PSB) defende uma educa\u00e7\u00e3o de qualidade, promete refundar a educa\u00e7\u00e3o p\u00fablica a partir de crit\u00e9rios de efetiva equidade social e promover mudan\u00e7as curriculares, de metodologia e de organiza\u00e7\u00e3o e formato das escolas. A ex-senadora afirmou que vai garantir as condi\u00e7\u00f5es para o combate ao analfabetismo nos pr\u00f3ximos anos e avan\u00e7ar na supera\u00e7\u00e3o do analfabetismo funcional, estabelecendo a meta de reduzi-lo drasticamente em quatro anos. Entre as propostas da candidata ainda est\u00e3o a transforma\u00e7\u00e3o do\u00a0<a href=\"http:\/\/portal.mec.gov.br\/index.php?option=com_content&amp;id=16689&amp;Itemid=1115\" target=\"_blank\">Programa Mais Educa\u00e7\u00e3o\u00a0<\/a>em pol\u00edtica de Estado de educa\u00e7\u00e3o integral para toda a educa\u00e7\u00e3o b\u00e1sica, investimento na infraestrutura das escolas e na constru\u00e7\u00e3o de novas unidades e parcerias com as universidades federais para forma\u00e7\u00e3o cont\u00ednua dos profissionais que atuam na educa\u00e7\u00e3o integral. Para Marina, tamb\u00e9m \u00e9 preciso incentivar novas metodologias de aprendizagem com uso de tecnologias e garantir que valores como o di\u00e1logo, a justi\u00e7a social, o respeito \u00e0 diversidade, a democracia, a participa\u00e7\u00e3o em quest\u00f5es socioambientais e os esportes estejam presentes nos curr\u00edculos.<\/p>\n<p><strong style=\"font-style: inherit;\">Mauro Iasi\u00a0<\/strong>(PCB) diz que vai priorizar a educa\u00e7\u00e3o p\u00fablica, gratuita e de qualidade em todos os n\u00edveis. Segundo ele, as recentes decis\u00f5es pol\u00edticas sucatearam o sistema educacional. Iasi defende a &#8220;desmercantiliza\u00e7\u00e3o&#8221; imediata do setor, assim como o de \u00e1reas como a sa\u00fade, a moradia, os transportes &#8220;que devem se tornar imediatamente p\u00fablicos atrav\u00e9s de processos de estatiza\u00e7\u00e3o com controle popular&#8221;.<\/p>\n<p><strong style=\"font-style: inherit;\">Pastor Everaldo\u00a0<\/strong>(PSC) defende uma reforma na educa\u00e7\u00e3o pautada na descentraliza\u00e7\u00e3o da gest\u00e3o, mais participa\u00e7\u00e3o de agentes privados e melhorias das disciplinas matem\u00e1tica e portugu\u00eas. O candidato tamb\u00e9m defende a participa\u00e7\u00e3o das fam\u00edlias nas escolas e a expans\u00e3o do\u00a0<a href=\"http:\/\/educacao.uol.com.br\/temas\/prouni\/\">Prouni (Programa Universidade para Todos)<\/a>\u00a0para o ensino m\u00e9dio, fundamental e infantil como forma de incentivar a inser\u00e7\u00e3o de alunos na rede privada. Segundo ele, isso possibilitar\u00e1 que estudantes carentes possam ter acesso ao mesmo ensino de qualidade dos brasileiro com melhores condi\u00e7\u00f5es financeiras.<\/p>\n<p><strong style=\"font-style: inherit;\">Rui Costa Pimenta<\/strong>\u00a0(PCO) quer priorizar o ensino p\u00fablico, gratuito, laico e de qualidade para todos, em todos os n\u00edveis. O candidato defende a estatiza\u00e7\u00e3o das escolas privadas e o fim da municipaliza\u00e7\u00e3o do ensino. Pimenta quer garantir a autonomia escolar tanto na quest\u00e3o educacional quanto na \u00e1rea pol\u00edtica e administrativa e colocar as escolas sob o controle da comunidade. O comunista ainda promete reabrir todas as escolas e salas de aulas fechadas, acabar com a &#8220;aprova\u00e7\u00e3o autom\u00e1tica&#8221;, reduzir o n\u00famero de alunos por sala e fixar um piso salarial que atenda \u00e0s necessidades do professor e de sua fam\u00edlia &#8220;que hoje n\u00e3o poderia ser de menos de R$ 5 mil&#8221;.<\/p>\n<p><strong style=\"font-style: inherit;\">Z\u00e9 Maria\u00a0<\/strong>(PSTU) quer garantir os 10% do PIB para a educa\u00e7\u00e3o. O candidato lembra em seu programa de governo que as melhorias nessa \u00e1rea estavam entre as principais reivindica\u00e7\u00f5es dos brasileiros que se juntaram \u00e0s manifesta\u00e7\u00f5es em junho do ano passado. &#8220;Lutamos por 10% do PIB para a educa\u00e7\u00e3o j\u00e1 , e n\u00e3o em dez anos como prev\u00ea o\u00a0<a href=\"http:\/\/educacao.uol.com.br\/temas\/pne-plano-nacional-de-educacao\/\">Plano Nacional de Educa\u00e7\u00e3o<\/a>\u00a0do governo&#8221;, destaca.<\/p>\n<p>Fonte: UOL<\/p>\n","protected":false},"excerpt":{"rendered":"<p>Educa\u00e7\u00e3o \u00e9 um dos temas que mais re\u00fanem propostas entre os programas dos candidatos \u00e0 Presid\u00eancia da Rep\u00fablica entregues \u00e0 Justi\u00e7a Eleitoral. As principais promessas s\u00e3o de melhoria da qualidade do ensino, amplia\u00e7\u00e3o de investimentos na \u00e1rea e implanta\u00e7\u00e3o do sistema integral nas escolas brasileiras. Confira as propostas dos candidatos \u00e0 Presid\u00eancia para educa\u00e7\u00e3o: A\u00e9cio [&hellip;]<\/p>\n","protected":false},"author":4,"featured_media":0,"comment_status":"open","ping_status":"open","sticky":false,"template":"","format":"standard","meta":{"footnotes":""},"categories":[14,13],"tags":[],"class_list":["post-444","post","type-post","status-publish","format-standard","hentry","category-brasil","category-educacao"],"_links":{"self":[{"href":"http:\/\/sinpro-al.com.br\/v2\/index.php?rest_route=\/wp\/v2\/posts\/444","targetHints":{"allow":["GET"]}}],"collection":[{"href":"http:\/\/sinpro-al.com.br\/v2\/index.php?rest_route=\/wp\/v2\/posts"}],"about":[{"href":"http:\/\/sinpro-al.com.br\/v2\/index.php?rest_route=\/wp\/v2\/types\/post"}],"author":[{"embeddable":true,"href":"http:\/\/sinpro-al.com.br\/v2\/index.php?rest_route=\/wp\/v2\/users\/4"}],"replies":[{"embeddable":true,"href":"http:\/\/sinpro-al.com.br\/v2\/index.php?rest_route=%2Fwp%2Fv2%2Fcomments&post=444"}],"version-history":[{"count":2,"href":"http:\/\/sinpro-al.com.br\/v2\/index.php?rest_route=\/wp\/v2\/posts\/444\/revisions"}],"predecessor-version":[{"id":447,"href":"http:\/\/sinpro-al.com.br\/v2\/index.php?rest_route=\/wp\/v2\/posts\/444\/revisions\/447"}],"wp:attachment":[{"href":"http:\/\/sinpro-al.com.br\/v2\/index.php?rest_route=%2Fwp%2Fv2%2Fmedia&parent=444"}],"wp:term":[{"taxonomy":"category","embeddable":true,"href":"http:\/\/sinpro-al.com.br\/v2\/index.php?rest_route=%2Fwp%2Fv2%2Fcategories&post=444"},{"taxonomy":"post_tag","embeddable":true,"href":"http:\/\/sinpro-al.com.br\/v2\/index.php?rest_route=%2Fwp%2Fv2%2Ftags&post=444"}],"curies":[{"name":"wp","href":"https:\/\/api.w.org\/{rel}","templated":true}]}}