{"id":439,"date":"2014-09-08T12:41:49","date_gmt":"2014-09-08T15:41:49","guid":{"rendered":"http:\/\/sinpro-al.com.br\/v2\/?p=439"},"modified":"2014-09-08T12:43:13","modified_gmt":"2014-09-08T15:43:13","slug":"mec-divulga-numeros-do-ideb","status":"publish","type":"post","link":"http:\/\/sinpro-al.com.br\/v2\/?p=439","title":{"rendered":"MEC divulga n\u00fameros do Ideb em Alagoas"},"content":{"rendered":"<p><a href=\"http:\/\/sinpro-al.com.br\/v2\/wp-content\/uploads\/2014\/09\/sala-de-aula-7.jpg\"><img loading=\"lazy\" decoding=\"async\" class=\"alignright size-medium wp-image-440\" src=\"http:\/\/sinpro-al.com.br\/v2\/wp-content\/uploads\/2014\/09\/sala-de-aula-7-300x200.jpg\" alt=\"sala-de-aula-7\" width=\"300\" height=\"200\" srcset=\"http:\/\/sinpro-al.com.br\/v2\/wp-content\/uploads\/2014\/09\/sala-de-aula-7-300x200.jpg 300w, http:\/\/sinpro-al.com.br\/v2\/wp-content\/uploads\/2014\/09\/sala-de-aula-7.jpg 1000w\" sizes=\"auto, (max-width: 300px) 100vw, 300px\" \/><\/a>Nesta sexta-feira (05) o Minist\u00e9rio da Educa\u00e7\u00e3o (MEC) divulgou os n\u00fameros do \u00cdndice do\u00a0Desenvolvimento da Educa\u00e7\u00e3o B\u00e1sica (Ideb) de todo pa\u00eds. Na rede p\u00fablica, Alagoas ficou abaixa da m\u00e9dia, ganhando a \u00faltima coloca\u00e7\u00e3o. J\u00e1 na rede privada os n\u00fameros foram positivos.<\/p>\n<p>Nas escolas particulares, o\u00a0Ensino Fundamental I (4\u00aa ano e 5\u00ba ano) ficou um d\u00e9cimo acima da m\u00e9dia estabelecida pelo governo federal, com 6,2 e o Ensino Fundamental II (8\u00ba ano e 9\u00ba ano) ficou tr\u00eas d\u00e9cimos abaixo da m\u00e9dia, com 5,3. O Ensino M\u00e9dio teve 4,7 e tamb\u00e9m ficou tr\u00eas d\u00e9cimos abaixo da m\u00e9dia.<\/p>\n<p>O Ideb \u00e9 um indicador geral da Educa\u00e7\u00e3o nas redes privada e p\u00fablica. Foi criado em 2007 pelo Instituto Nacional de Estudos e Pesquisas Educacionais An\u00edsio Teixeira (Inep) e leva em conta dois fatores que interferem na qualidade da educa\u00e7\u00e3o: rendimento escolar (taxas de aprova\u00e7\u00e3o, reprova\u00e7\u00e3o e abandono) e m\u00e9dias de desempenho na Prova Brasil, em uma escala de 0 a 10.<\/p>\n<p>&nbsp;<\/p>\n","protected":false},"excerpt":{"rendered":"<p>Nesta sexta-feira (05) o Minist\u00e9rio da Educa\u00e7\u00e3o (MEC) divulgou os n\u00fameros do \u00cdndice do\u00a0Desenvolvimento da Educa\u00e7\u00e3o B\u00e1sica (Ideb) de todo pa\u00eds. Na rede p\u00fablica, Alagoas ficou abaixa da m\u00e9dia, ganhando a \u00faltima coloca\u00e7\u00e3o. J\u00e1 na rede privada os n\u00fameros foram positivos. Nas escolas particulares, o\u00a0Ensino Fundamental I (4\u00aa ano e 5\u00ba ano) ficou um d\u00e9cimo [&hellip;]<\/p>\n","protected":false},"author":4,"featured_media":0,"comment_status":"open","ping_status":"open","sticky":false,"template":"","format":"standard","meta":{"footnotes":""},"categories":[18,14,13],"tags":[],"class_list":["post-439","post","type-post","status-publish","format-standard","hentry","category-alagoas","category-brasil","category-educacao"],"_links":{"self":[{"href":"http:\/\/sinpro-al.com.br\/v2\/index.php?rest_route=\/wp\/v2\/posts\/439","targetHints":{"allow":["GET"]}}],"collection":[{"href":"http:\/\/sinpro-al.com.br\/v2\/index.php?rest_route=\/wp\/v2\/posts"}],"about":[{"href":"http:\/\/sinpro-al.com.br\/v2\/index.php?rest_route=\/wp\/v2\/types\/post"}],"author":[{"embeddable":true,"href":"http:\/\/sinpro-al.com.br\/v2\/index.php?rest_route=\/wp\/v2\/users\/4"}],"replies":[{"embeddable":true,"href":"http:\/\/sinpro-al.com.br\/v2\/index.php?rest_route=%2Fwp%2Fv2%2Fcomments&post=439"}],"version-history":[{"count":2,"href":"http:\/\/sinpro-al.com.br\/v2\/index.php?rest_route=\/wp\/v2\/posts\/439\/revisions"}],"predecessor-version":[{"id":442,"href":"http:\/\/sinpro-al.com.br\/v2\/index.php?rest_route=\/wp\/v2\/posts\/439\/revisions\/442"}],"wp:attachment":[{"href":"http:\/\/sinpro-al.com.br\/v2\/index.php?rest_route=%2Fwp%2Fv2%2Fmedia&parent=439"}],"wp:term":[{"taxonomy":"category","embeddable":true,"href":"http:\/\/sinpro-al.com.br\/v2\/index.php?rest_route=%2Fwp%2Fv2%2Fcategories&post=439"},{"taxonomy":"post_tag","embeddable":true,"href":"http:\/\/sinpro-al.com.br\/v2\/index.php?rest_route=%2Fwp%2Fv2%2Ftags&post=439"}],"curies":[{"name":"wp","href":"https:\/\/api.w.org\/{rel}","templated":true}]}}