{"id":4386,"date":"2017-08-14T10:47:19","date_gmt":"2017-08-14T13:47:19","guid":{"rendered":"http:\/\/sinpro-al.com.br\/v2\/?p=4386"},"modified":"2017-08-14T10:47:19","modified_gmt":"2017-08-14T13:47:19","slug":"sinpro-saude-voce-esta-vivendo-no-modo-automatico-conheca-a-sindrome-de-bournout","status":"publish","type":"post","link":"http:\/\/sinpro-al.com.br\/v2\/?p=4386","title":{"rendered":"Sinpro Sa\u00fade: Voc\u00ea est\u00e1 vivendo no &#8220;modo autom\u00e1tico&#8221;? Conhe\u00e7a a S\u00edndrome de Bournout"},"content":{"rendered":"<p><a href=\"http:\/\/sinpro-al.com.br\/v2\/wp-content\/uploads\/2017\/08\/Sindrome-de-Burnot-site.jpg\"><img loading=\"lazy\" decoding=\"async\" class=\"size-medium wp-image-4388 alignleft\" src=\"http:\/\/sinpro-al.com.br\/v2\/wp-content\/uploads\/2017\/08\/Sindrome-de-Burnot-site-300x169.jpg\" alt=\"\" width=\"300\" height=\"169\" srcset=\"http:\/\/sinpro-al.com.br\/v2\/wp-content\/uploads\/2017\/08\/Sindrome-de-Burnot-site-300x169.jpg 300w, http:\/\/sinpro-al.com.br\/v2\/wp-content\/uploads\/2017\/08\/Sindrome-de-Burnot-site-768x432.jpg 768w, http:\/\/sinpro-al.com.br\/v2\/wp-content\/uploads\/2017\/08\/Sindrome-de-Burnot-site-1024x576.jpg 1024w, http:\/\/sinpro-al.com.br\/v2\/wp-content\/uploads\/2017\/08\/Sindrome-de-Burnot-site.jpg 1600w\" sizes=\"auto, (max-width: 300px) 100vw, 300px\" \/><\/a>A s\u00edndrome de burnout \u00e9 o problema que mais tem afetado a sa\u00fade dos professores. \u00c9 uma exaust\u00e3o f\u00edsica e mental muito comum nessa profiss\u00e3o. \u00c9 uma doen\u00e7a que diminui a vontade de lecionar, o interesse pelo trabalho, a energia e a autoconfian\u00e7a. Causa depress\u00e3o, dist\u00farbios afetivos e incapacidade produtiva.<\/p>\n<p>Muitas vezes \u00e9 confundida com a s\u00edndrome do p\u00e2nico ou com estresse, pois os sintomas s\u00e3o parecidos. Dentre eles: queda de cabelo, enxaqueca, dor de est\u00f4mago, taquicardia, sudorese, medo, palpita\u00e7\u00e3o, ang\u00fastia e sensa\u00e7\u00e3o de que n\u00e3o conseguir\u00e1 realizar o trabalho s\u00e3o sinais inicialmente detectados.<\/p>\n<p>Ao longo do tempo, o profissional apresenta quadros de irrita\u00e7\u00e3o, fica arredio e se distancia dos alunos. Os reflexos tamb\u00e9m s\u00e3o sentidos no relacionamento familiar. Quando n\u00e3o abandona o emprego, o portador de burnout passa a realizar as atividades de forma ap\u00e1tica, morosa e sem perspectivas, como se ligasse no &#8220;modo autom\u00e1tico&#8221;.<\/p>\n<p>Outros sintomas psicossom\u00e1ticos tamb\u00e9m podem ser observados como \u00falcera, ins\u00f4nia, hipertens\u00e3o e dores de cabe\u00e7a.<\/p>\n<p>Os professores devem procurar ajuda de especialistas para enfrentar qualquer um desses problemas.<\/p>\n<p>Saiba mais sobre os sintomas:\u00a0https:\/\/www.youtube.com\/watch?v=RgP9IAMQ4n0&amp;feature=youtu.be<\/p>\n<p>O Sinpro-AL oferece apoio aos profissionais da educa\u00e7\u00e3o que se sentem nessa condi\u00e7\u00e3o. Atrav\u00e9s do NAP- N\u00facleo de Apoio Psicol\u00f3gico, que atende todas as quartas-feiras, no hor\u00e1rio das 9h \u00e0s 15h, basta fazer seu agendamento pelo contato: 3313-3607 ou pelo endere\u00e7o sinprosaude.al@gmail.com.<\/p>\n<p>Fonte: Blog Mal de Professor<\/p>\n","protected":false},"excerpt":{"rendered":"<p>A s\u00edndrome de burnout \u00e9 o problema que mais tem afetado a sa\u00fade dos professores. \u00c9 uma exaust\u00e3o f\u00edsica e mental muito comum nessa profiss\u00e3o. \u00c9 uma doen\u00e7a que diminui a vontade de lecionar, o interesse pelo trabalho, a energia e a autoconfian\u00e7a. Causa depress\u00e3o, dist\u00farbios afetivos e incapacidade produtiva. Muitas vezes \u00e9 confundida com [&hellip;]<\/p>\n","protected":false},"author":6,"featured_media":4388,"comment_status":"open","ping_status":"open","sticky":false,"template":"","format":"standard","meta":{"footnotes":""},"categories":[4],"tags":[],"class_list":["post-4386","post","type-post","status-publish","format-standard","has-post-thumbnail","hentry","category-noticias-sinpro-al"],"_links":{"self":[{"href":"http:\/\/sinpro-al.com.br\/v2\/index.php?rest_route=\/wp\/v2\/posts\/4386","targetHints":{"allow":["GET"]}}],"collection":[{"href":"http:\/\/sinpro-al.com.br\/v2\/index.php?rest_route=\/wp\/v2\/posts"}],"about":[{"href":"http:\/\/sinpro-al.com.br\/v2\/index.php?rest_route=\/wp\/v2\/types\/post"}],"author":[{"embeddable":true,"href":"http:\/\/sinpro-al.com.br\/v2\/index.php?rest_route=\/wp\/v2\/users\/6"}],"replies":[{"embeddable":true,"href":"http:\/\/sinpro-al.com.br\/v2\/index.php?rest_route=%2Fwp%2Fv2%2Fcomments&post=4386"}],"version-history":[{"count":1,"href":"http:\/\/sinpro-al.com.br\/v2\/index.php?rest_route=\/wp\/v2\/posts\/4386\/revisions"}],"predecessor-version":[{"id":4390,"href":"http:\/\/sinpro-al.com.br\/v2\/index.php?rest_route=\/wp\/v2\/posts\/4386\/revisions\/4390"}],"wp:featuredmedia":[{"embeddable":true,"href":"http:\/\/sinpro-al.com.br\/v2\/index.php?rest_route=\/wp\/v2\/media\/4388"}],"wp:attachment":[{"href":"http:\/\/sinpro-al.com.br\/v2\/index.php?rest_route=%2Fwp%2Fv2%2Fmedia&parent=4386"}],"wp:term":[{"taxonomy":"category","embeddable":true,"href":"http:\/\/sinpro-al.com.br\/v2\/index.php?rest_route=%2Fwp%2Fv2%2Fcategories&post=4386"},{"taxonomy":"post_tag","embeddable":true,"href":"http:\/\/sinpro-al.com.br\/v2\/index.php?rest_route=%2Fwp%2Fv2%2Ftags&post=4386"}],"curies":[{"name":"wp","href":"https:\/\/api.w.org\/{rel}","templated":true}]}}