{"id":4378,"date":"2017-08-10T10:40:57","date_gmt":"2017-08-10T13:40:57","guid":{"rendered":"http:\/\/sinpro-al.com.br\/v2\/?p=4378"},"modified":"2017-08-10T10:40:57","modified_gmt":"2017-08-10T13:40:57","slug":"contee-atua-na-camara-em-defesa-do-piso-para-professor-da-educacao-basica","status":"publish","type":"post","link":"http:\/\/sinpro-al.com.br\/v2\/?p=4378","title":{"rendered":"Contee atua na C\u00e2mara em defesa do piso para professor da educa\u00e7\u00e3o b\u00e1sica"},"content":{"rendered":"<p><a href=\"http:\/\/sinpro-al.com.br\/v2\/wp-content\/uploads\/2017\/08\/WhatsApp-Image-2017-08-09-at-00.27.33-1.jpeg\"><img loading=\"lazy\" decoding=\"async\" class=\"size-medium wp-image-4380 alignleft\" src=\"http:\/\/sinpro-al.com.br\/v2\/wp-content\/uploads\/2017\/08\/WhatsApp-Image-2017-08-09-at-00.27.33-1-300x235.jpeg\" alt=\"\" width=\"300\" height=\"235\" srcset=\"http:\/\/sinpro-al.com.br\/v2\/wp-content\/uploads\/2017\/08\/WhatsApp-Image-2017-08-09-at-00.27.33-1-300x235.jpeg 300w, http:\/\/sinpro-al.com.br\/v2\/wp-content\/uploads\/2017\/08\/WhatsApp-Image-2017-08-09-at-00.27.33-1-768x601.jpeg 768w, http:\/\/sinpro-al.com.br\/v2\/wp-content\/uploads\/2017\/08\/WhatsApp-Image-2017-08-09-at-00.27.33-1-1024x802.jpeg 1024w, http:\/\/sinpro-al.com.br\/v2\/wp-content\/uploads\/2017\/08\/WhatsApp-Image-2017-08-09-at-00.27.33-1.jpeg 1146w\" sizes=\"auto, (max-width: 300px) 100vw, 300px\" \/><\/a>Os dirigentes da Contee Ad\u00e9rcia Bezerra Hostin dos Santos, coordenadora da Secretaria de Assuntos Educacionais, e Rodrigo Pereira de Paula, coordenador da Secretaria de Assuntos Institucionais, estiveram na ter\u00e7a-feira, 8, com o deputado Jo\u00e3o Carlos Bacelar Batista (Pode\/BA), relator do Projeto de Lei (PL) que tramita na Comiss\u00e3o de Educa\u00e7\u00e3o da C\u00e2mara e disp\u00f5e sobre a institui\u00e7\u00e3o de piso nacional para professores da educa\u00e7\u00e3o b\u00e1sica do setor privado de ensino. A Contee, leg\u00edtima representante nacional da categoria, n\u00e3o foi ouvida na elabora\u00e7\u00e3o do projeto e sugeriu ao parlamentar a retirada do parecer da pauta da Comiss\u00e3o, prevista para esta quarta feira, 9, para que a entidade apresente um estudo sobre o valor do piso nacional que venha a preservar e ampliar os atuais patamares j\u00e1 conquistados na negocia\u00e7\u00e3o coletiva.<\/p>\n<p>O PL 5.233\/13, do deputado Lincoln Portela (PRB\/MG), \u201cdisp\u00f5e sobre o piso salarial do professor de educa\u00e7\u00e3o b\u00e1sica nas escolas particulares, com forma\u00e7\u00e3o em n\u00edvel m\u00e9dio na modalidade normal\u201d. O autor justifica sua proposta lembrando que \u201co inciso V do art. 7o da Constitui\u00e7\u00e3o Federal prev\u00ea, como direito dos trabalhadores urbanos e rurais, a exist\u00eancia de \u2018piso salarial proporcional \u00e0 complexidade do trabalho\u2019. No caso do magist\u00e9rio p\u00fablico da educa\u00e7\u00e3o b\u00e1sica, a Emenda Constitucional no 53 e a Lei no 11.738, de 2008, promoveram a fixa\u00e7\u00e3o do piso salarial nacional. Esse benef\u00edcio, contudo, n\u00e3o foi estendido aos profissionais atuantes na rede particular de ensino. Este \u00e9 o objetivo do projeto de lei, que estabelece o mesmo piso para os docentes das escolas privadas de educa\u00e7\u00e3o b\u00e1sica\u201d.<\/p>\n<p>O deputado Bacelar aceitou a proposta da Contee e retirou a mat\u00e9ria da pauta.<\/p>\n<p>Fonte: Contee \/ Carlos Pompe<\/p>\n<p>Link:\u00a0http:\/\/contee.org.br\/contee\/index.php\/2017\/08\/contee-atua-na-camara-em-defesa-do-piso-para-professor-da-educacao-basica\/<\/p>\n","protected":false},"excerpt":{"rendered":"<p>Os dirigentes da Contee Ad\u00e9rcia Bezerra Hostin dos Santos, coordenadora da Secretaria de Assuntos Educacionais, e Rodrigo Pereira de Paula, coordenador da Secretaria de Assuntos Institucionais, estiveram na ter\u00e7a-feira, 8, com o deputado Jo\u00e3o Carlos Bacelar Batista (Pode\/BA), relator do Projeto de Lei (PL) que tramita na Comiss\u00e3o de Educa\u00e7\u00e3o da C\u00e2mara e disp\u00f5e sobre [&hellip;]<\/p>\n","protected":false},"author":6,"featured_media":4380,"comment_status":"open","ping_status":"open","sticky":false,"template":"","format":"standard","meta":{"footnotes":""},"categories":[4],"tags":[],"class_list":["post-4378","post","type-post","status-publish","format-standard","has-post-thumbnail","hentry","category-noticias-sinpro-al"],"_links":{"self":[{"href":"http:\/\/sinpro-al.com.br\/v2\/index.php?rest_route=\/wp\/v2\/posts\/4378","targetHints":{"allow":["GET"]}}],"collection":[{"href":"http:\/\/sinpro-al.com.br\/v2\/index.php?rest_route=\/wp\/v2\/posts"}],"about":[{"href":"http:\/\/sinpro-al.com.br\/v2\/index.php?rest_route=\/wp\/v2\/types\/post"}],"author":[{"embeddable":true,"href":"http:\/\/sinpro-al.com.br\/v2\/index.php?rest_route=\/wp\/v2\/users\/6"}],"replies":[{"embeddable":true,"href":"http:\/\/sinpro-al.com.br\/v2\/index.php?rest_route=%2Fwp%2Fv2%2Fcomments&post=4378"}],"version-history":[{"count":1,"href":"http:\/\/sinpro-al.com.br\/v2\/index.php?rest_route=\/wp\/v2\/posts\/4378\/revisions"}],"predecessor-version":[{"id":4381,"href":"http:\/\/sinpro-al.com.br\/v2\/index.php?rest_route=\/wp\/v2\/posts\/4378\/revisions\/4381"}],"wp:featuredmedia":[{"embeddable":true,"href":"http:\/\/sinpro-al.com.br\/v2\/index.php?rest_route=\/wp\/v2\/media\/4380"}],"wp:attachment":[{"href":"http:\/\/sinpro-al.com.br\/v2\/index.php?rest_route=%2Fwp%2Fv2%2Fmedia&parent=4378"}],"wp:term":[{"taxonomy":"category","embeddable":true,"href":"http:\/\/sinpro-al.com.br\/v2\/index.php?rest_route=%2Fwp%2Fv2%2Fcategories&post=4378"},{"taxonomy":"post_tag","embeddable":true,"href":"http:\/\/sinpro-al.com.br\/v2\/index.php?rest_route=%2Fwp%2Fv2%2Ftags&post=4378"}],"curies":[{"name":"wp","href":"https:\/\/api.w.org\/{rel}","templated":true}]}}