{"id":4374,"date":"2017-08-08T13:38:48","date_gmt":"2017-08-08T16:38:48","guid":{"rendered":"http:\/\/sinpro-al.com.br\/v2\/?p=4374"},"modified":"2017-08-08T13:38:48","modified_gmt":"2017-08-08T16:38:48","slug":"sinproal-firma-parceria-com-semas-em-trabalho-social","status":"publish","type":"post","link":"http:\/\/sinpro-al.com.br\/v2\/?p=4374","title":{"rendered":"Sinpro\/AL firma parceria com SEMAS em trabalho social"},"content":{"rendered":"<div id=\"attachment_4375\" style=\"width: 235px\" class=\"wp-caption alignleft\"><a href=\"http:\/\/sinpro-al.com.br\/v2\/wp-content\/uploads\/2017\/08\/WhatsApp-Image-2017-08-08-at-10.46.27.jpeg\"><img loading=\"lazy\" decoding=\"async\" aria-describedby=\"caption-attachment-4375\" class=\"size-medium wp-image-4375\" src=\"http:\/\/sinpro-al.com.br\/v2\/wp-content\/uploads\/2017\/08\/WhatsApp-Image-2017-08-08-at-10.46.27-225x300.jpeg\" alt=\"\" width=\"225\" height=\"300\" srcset=\"http:\/\/sinpro-al.com.br\/v2\/wp-content\/uploads\/2017\/08\/WhatsApp-Image-2017-08-08-at-10.46.27-225x300.jpeg 225w, http:\/\/sinpro-al.com.br\/v2\/wp-content\/uploads\/2017\/08\/WhatsApp-Image-2017-08-08-at-10.46.27.jpeg 768w\" sizes=\"auto, (max-width: 225px) 100vw, 225px\" \/><\/a><p id=\"caption-attachment-4375\" class=\"wp-caption-text\">(Liziane Carna\u00faba e Liranise Alves, representantes do SEMA e Eduardo Vasconcelos, presidente do Sinpro AL)<\/p><\/div>\n<p>O presidente do Sindicato dos Professores de Alagoas (Sinpro\/AL), Eduardo Vasconcelos, se reuniu com representantes da Secretaria Municipal de Assist\u00eancia Social de Macei\u00f3 (SEMA) e firmou uma parceria que ir\u00e1 beneficiar adolescentes que foram resgatados do trabalho infantil.<\/p>\n<p>Os professores que fazem parte da diretoria ao do Sindicato ir\u00e3o ministrar aulas de nivelamento para jovens entre 14 e 18 anos que buscam oportunidades no mercado de trabalho, mas desta vez com todos os seus direitos garantidos.<\/p>\n<p>As disciplinas ser\u00e3o de L\u00edngua Portuguesa, Matem\u00e1tica e Reda\u00e7\u00e3o. Os hor\u00e1rios e local est\u00e3o sendo definidos pela SEMA, que em breve ir\u00e1 iniciar as inscri\u00e7\u00f5es.<\/p>\n<p>A entidade classista refor\u00e7a a import\u00e2ncia desse trabalho social, na constru\u00e7\u00e3o da educa\u00e7\u00e3o dos jovens e adolescentes para que todos tenham a oportunidade de ingressar no mercado de trabalho com dignidade.<\/p>\n<p>Somos professores com orgulho e exigimos respeito!<\/p>\n","protected":false},"excerpt":{"rendered":"<p>O presidente do Sindicato dos Professores de Alagoas (Sinpro\/AL), Eduardo Vasconcelos, se reuniu com representantes da Secretaria Municipal de Assist\u00eancia Social de Macei\u00f3 (SEMA) e firmou uma parceria que ir\u00e1 beneficiar adolescentes que foram resgatados do trabalho infantil. Os professores que fazem parte da diretoria ao do Sindicato ir\u00e3o ministrar aulas de nivelamento para jovens [&hellip;]<\/p>\n","protected":false},"author":6,"featured_media":4375,"comment_status":"open","ping_status":"open","sticky":false,"template":"","format":"standard","meta":{"footnotes":""},"categories":[4],"tags":[],"class_list":["post-4374","post","type-post","status-publish","format-standard","has-post-thumbnail","hentry","category-noticias-sinpro-al"],"_links":{"self":[{"href":"http:\/\/sinpro-al.com.br\/v2\/index.php?rest_route=\/wp\/v2\/posts\/4374","targetHints":{"allow":["GET"]}}],"collection":[{"href":"http:\/\/sinpro-al.com.br\/v2\/index.php?rest_route=\/wp\/v2\/posts"}],"about":[{"href":"http:\/\/sinpro-al.com.br\/v2\/index.php?rest_route=\/wp\/v2\/types\/post"}],"author":[{"embeddable":true,"href":"http:\/\/sinpro-al.com.br\/v2\/index.php?rest_route=\/wp\/v2\/users\/6"}],"replies":[{"embeddable":true,"href":"http:\/\/sinpro-al.com.br\/v2\/index.php?rest_route=%2Fwp%2Fv2%2Fcomments&post=4374"}],"version-history":[{"count":1,"href":"http:\/\/sinpro-al.com.br\/v2\/index.php?rest_route=\/wp\/v2\/posts\/4374\/revisions"}],"predecessor-version":[{"id":4376,"href":"http:\/\/sinpro-al.com.br\/v2\/index.php?rest_route=\/wp\/v2\/posts\/4374\/revisions\/4376"}],"wp:featuredmedia":[{"embeddable":true,"href":"http:\/\/sinpro-al.com.br\/v2\/index.php?rest_route=\/wp\/v2\/media\/4375"}],"wp:attachment":[{"href":"http:\/\/sinpro-al.com.br\/v2\/index.php?rest_route=%2Fwp%2Fv2%2Fmedia&parent=4374"}],"wp:term":[{"taxonomy":"category","embeddable":true,"href":"http:\/\/sinpro-al.com.br\/v2\/index.php?rest_route=%2Fwp%2Fv2%2Fcategories&post=4374"},{"taxonomy":"post_tag","embeddable":true,"href":"http:\/\/sinpro-al.com.br\/v2\/index.php?rest_route=%2Fwp%2Fv2%2Ftags&post=4374"}],"curies":[{"name":"wp","href":"https:\/\/api.w.org\/{rel}","templated":true}]}}