{"id":4368,"date":"2017-08-07T23:09:47","date_gmt":"2017-08-08T02:09:47","guid":{"rendered":"http:\/\/sinpro-al.com.br\/v2\/?p=4368"},"modified":"2017-08-07T23:11:44","modified_gmt":"2017-08-08T02:11:44","slug":"ganho-real-professores-da-rede-superior-tem-reajuste","status":"publish","type":"post","link":"http:\/\/sinpro-al.com.br\/v2\/?p=4368","title":{"rendered":"Ganho real: professores da rede superior tem reajuste"},"content":{"rendered":"<p><a href=\"http:\/\/sinpro-al.com.br\/v2\/wp-content\/uploads\/2016\/08\/salario-digno.jpg\"><img loading=\"lazy\" decoding=\"async\" class=\"size-medium wp-image-2932 alignleft\" src=\"http:\/\/sinpro-al.com.br\/v2\/wp-content\/uploads\/2016\/08\/salario-digno-272x300.jpg\" alt=\"\" width=\"272\" height=\"300\" srcset=\"http:\/\/sinpro-al.com.br\/v2\/wp-content\/uploads\/2016\/08\/salario-digno-272x300.jpg 272w, http:\/\/sinpro-al.com.br\/v2\/wp-content\/uploads\/2016\/08\/salario-digno.jpg 504w\" sizes=\"auto, (max-width: 272px) 100vw, 272px\" \/><\/a><\/p>\n<p>O Sindicato dos Professores de Alagoas (Sinpro\/AL) e o Sindicato dos Estabelecimentos Privados de Ensino Superior de Alagoas (Sinepe\/Superior) fixaram um termo aditivo na Conven\u00e7\u00e3o Coletiva sobre o reajuste da categoria.<\/p>\n<p>A abrang\u00eancia da Conven\u00e7\u00e3o tem a dura\u00e7\u00e3o de um ano, onde passou a vigorar de 1\/3\/2017 at\u00e9 29\/2\/2018, data, essa \u00faltima, que haver\u00e1 nova negocia\u00e7\u00e3o coletiva sobre o percentual a ser reajustado dos docentes.<\/p>\n<p>Com o aditivo na Conven\u00e7\u00e3o Coletiva de Trabalho dos professores da rede superior de ensino, o aumento, corre\u00e7\u00e3o e reajuste salarial ficaram da seguinte forma: entre mar\u00e7o\/2017 a fevereiro\/2018 aplica\u00e7\u00e3o de 5% sobre o sal\u00e1rio de 1\/3\/2017 para pagamento na folha de abril\/ de 2017.<\/p>\n<p>Fica claro, ainda no termo aditivo, que o estabelecimento de ensino que n\u00e3o se adequar a conven\u00e7\u00e3o coletiva, o Sindicato dos Professores de Alagoas poder\u00e1 ingressar com uma a\u00e7\u00e3o de cumprimento.<\/p>\n<p>A novo termo de reajuste da Conven\u00e7\u00e3o Coletiva garante um ganho real para categoria. Mesmo em tempos dif\u00edceis para economia nacional, o Sinpro\/AL tem lutado e avan\u00e7ado em quesitos importantes em conjunto com sua base, sempre visando a valoriza\u00e7\u00e3o dos educadores.<\/p>\n<p>Somos professores com orgulho e exigimos respeito!<\/p>\n<p>&nbsp;<\/p>\n<p>&nbsp;<\/p>\n","protected":false},"excerpt":{"rendered":"<p>O Sindicato dos Professores de Alagoas (Sinpro\/AL) e o Sindicato dos Estabelecimentos Privados de Ensino Superior de Alagoas (Sinepe\/Superior) fixaram um termo aditivo na Conven\u00e7\u00e3o Coletiva sobre o reajuste da categoria. A abrang\u00eancia da Conven\u00e7\u00e3o tem a dura\u00e7\u00e3o de um ano, onde passou a vigorar de 1\/3\/2017 at\u00e9 29\/2\/2018, data, essa \u00faltima, que haver\u00e1 nova [&hellip;]<\/p>\n","protected":false},"author":4,"featured_media":2932,"comment_status":"open","ping_status":"open","sticky":false,"template":"","format":"standard","meta":{"footnotes":""},"categories":[4],"tags":[],"class_list":["post-4368","post","type-post","status-publish","format-standard","has-post-thumbnail","hentry","category-noticias-sinpro-al"],"_links":{"self":[{"href":"http:\/\/sinpro-al.com.br\/v2\/index.php?rest_route=\/wp\/v2\/posts\/4368","targetHints":{"allow":["GET"]}}],"collection":[{"href":"http:\/\/sinpro-al.com.br\/v2\/index.php?rest_route=\/wp\/v2\/posts"}],"about":[{"href":"http:\/\/sinpro-al.com.br\/v2\/index.php?rest_route=\/wp\/v2\/types\/post"}],"author":[{"embeddable":true,"href":"http:\/\/sinpro-al.com.br\/v2\/index.php?rest_route=\/wp\/v2\/users\/4"}],"replies":[{"embeddable":true,"href":"http:\/\/sinpro-al.com.br\/v2\/index.php?rest_route=%2Fwp%2Fv2%2Fcomments&post=4368"}],"version-history":[{"count":2,"href":"http:\/\/sinpro-al.com.br\/v2\/index.php?rest_route=\/wp\/v2\/posts\/4368\/revisions"}],"predecessor-version":[{"id":4370,"href":"http:\/\/sinpro-al.com.br\/v2\/index.php?rest_route=\/wp\/v2\/posts\/4368\/revisions\/4370"}],"wp:featuredmedia":[{"embeddable":true,"href":"http:\/\/sinpro-al.com.br\/v2\/index.php?rest_route=\/wp\/v2\/media\/2932"}],"wp:attachment":[{"href":"http:\/\/sinpro-al.com.br\/v2\/index.php?rest_route=%2Fwp%2Fv2%2Fmedia&parent=4368"}],"wp:term":[{"taxonomy":"category","embeddable":true,"href":"http:\/\/sinpro-al.com.br\/v2\/index.php?rest_route=%2Fwp%2Fv2%2Fcategories&post=4368"},{"taxonomy":"post_tag","embeddable":true,"href":"http:\/\/sinpro-al.com.br\/v2\/index.php?rest_route=%2Fwp%2Fv2%2Ftags&post=4368"}],"curies":[{"name":"wp","href":"https:\/\/api.w.org\/{rel}","templated":true}]}}