{"id":4346,"date":"2017-08-02T15:09:02","date_gmt":"2017-08-02T18:09:02","guid":{"rendered":"http:\/\/sinpro-al.com.br\/v2\/?p=4346"},"modified":"2017-08-02T15:12:44","modified_gmt":"2017-08-02T18:12:44","slug":"unidade-do-sinproal-em-arapiraca-e-fechada-mas-a-luta-continua","status":"publish","type":"post","link":"http:\/\/sinpro-al.com.br\/v2\/?p=4346","title":{"rendered":"Unidade do Sinpro\/AL em Arapiraca \u00e9 fechada, mas a luta continua!"},"content":{"rendered":"<p><a href=\"http:\/\/sinpro-al.com.br\/v2\/wp-content\/uploads\/2017\/08\/arapiraca-123.jpg\"><img loading=\"lazy\" decoding=\"async\" class=\"alignleft size-medium wp-image-4348\" src=\"http:\/\/sinpro-al.com.br\/v2\/wp-content\/uploads\/2017\/08\/arapiraca-123-300x170.jpg\" alt=\"\" width=\"300\" height=\"170\" srcset=\"http:\/\/sinpro-al.com.br\/v2\/wp-content\/uploads\/2017\/08\/arapiraca-123-300x170.jpg 300w, http:\/\/sinpro-al.com.br\/v2\/wp-content\/uploads\/2017\/08\/arapiraca-123.jpg 640w\" sizes=\"auto, (max-width: 300px) 100vw, 300px\" \/><\/a>Pensando na sa\u00fade financeira do Sindicato dos Professores de Alagoas (Sinpro\/AL) e a manuten\u00e7\u00e3o dos servi\u00e7os prestados na sede da capital, a entidade classista fechou sua sede em Arapiraca. A diretoria ressalta que manter\u00e1 contato permanente com os professores filiados do munic\u00edpio e regi\u00f5es circunvizinhas, em tempo que destaca que os canais de di\u00e1logos se mant\u00eam abertos em defesa dos docentes.<\/p>\n<p>Um dos motivos para as dificuldades financeiras \u00e9 uma \u00a0ofensiva visando ao enfraquecimento das entidades sindicais no Brasil e \u00e0 redu\u00e7\u00e3o de direitos em mar\u00e7o, quando o Supremo Tribunal Federal (STF)| Ratificou a decis\u00e3o contra taxa assistencial das entidades classitas.<\/p>\n<p>Outro fator para a\u00e7\u00e3o de cautela \u00e9 o fim do imposto sindical obrigat\u00f3rio. O Sindicato possui servi\u00e7os que requerem investimentos financeiros, como: assessoria jur\u00eddica, psicol\u00f3gica, cont\u00e1bil e de comunica\u00e7\u00e3o.<\/p>\n<p>Com o fim do imposto sindical e a taxa assistencial obrigat\u00f3ria para os professores da categoria, a tend\u00eancia \u00e9 a \u201cprecariza\u00e7\u00e3o\u201d da defesa do trabalhador que pode passar a ter um Sindicato apenas \u201ccartorial\u201d sem voz e for\u00e7a pol\u00edtica para lutar em prol de conquistas dos professores. Boa parte dos setores hegem\u00f4nicos da sociedade apostam no desmonte dos sindicatos para que os trabalhadores passem a ser cada vez mais oprimidos e percam mais e mais direitos.<\/p>\n<p>O Sinpro\/AL entende que fechar sua unidade em Arapiraca \u00e9 uma quest\u00e3o estrat\u00e9gica para que a entidade se mantenha forte e quem sabe num futuro pr\u00f3ximo o processo de interioriza\u00e7\u00e3o possa ser retomado. Todas as quest\u00f5es passam pela consci\u00eancia e politiza\u00e7\u00e3o dos professores que devem compreender a necessidade de uma representatividade forte.<\/p>\n<p>Sem o imposto sindical, o Sinpro\/AL e os demais sindicatos dos Brasil necessitam que a categoria esteja inserida na entidade classista e que os professores passem a se filiar para que o trabalho seja mantido de forma normativa. A gest\u00e3o \u201cSou professor com orgulho e exijo respeito\u201d tem resgatado, ao longo desses poucos mais de dois anos, a verdadeira face da import\u00e2ncia do Sindicato na vida dos professores.<\/p>\n<p>O Sindicato dos Professores de Alagoas (Sinpro\/AL) divide com seus filiados e a base as dificuldades vivenciadas, pois a t\u00f4nica dessa gest\u00e3o tem sido a transpar\u00eancia, seja qual for a tem\u00e1tica. A diretoria ressalta que se manter\u00e1 firma na trincheira de luta, com unidade e trabalho o Sinpro\/AL ir\u00e1 superar as barreiras impostas por um sistema que tenta aniquilar a representa\u00e7\u00e3o dos trabalhadores.<\/p>\n<p>Mas que jamais esque\u00e7amos: Somos professores com orgulho e exigimos respeito!<\/p>\n<p>&nbsp;<\/p>\n","protected":false},"excerpt":{"rendered":"<p>Pensando na sa\u00fade financeira do Sindicato dos Professores de Alagoas (Sinpro\/AL) e a manuten\u00e7\u00e3o dos servi\u00e7os prestados na sede da capital, a entidade classista fechou sua sede em Arapiraca. A diretoria ressalta que manter\u00e1 contato permanente com os professores filiados do munic\u00edpio e regi\u00f5es circunvizinhas, em tempo que destaca que os canais de di\u00e1logos se [&hellip;]<\/p>\n","protected":false},"author":4,"featured_media":4348,"comment_status":"open","ping_status":"open","sticky":false,"template":"","format":"standard","meta":{"footnotes":""},"categories":[4],"tags":[],"class_list":["post-4346","post","type-post","status-publish","format-standard","has-post-thumbnail","hentry","category-noticias-sinpro-al"],"_links":{"self":[{"href":"http:\/\/sinpro-al.com.br\/v2\/index.php?rest_route=\/wp\/v2\/posts\/4346","targetHints":{"allow":["GET"]}}],"collection":[{"href":"http:\/\/sinpro-al.com.br\/v2\/index.php?rest_route=\/wp\/v2\/posts"}],"about":[{"href":"http:\/\/sinpro-al.com.br\/v2\/index.php?rest_route=\/wp\/v2\/types\/post"}],"author":[{"embeddable":true,"href":"http:\/\/sinpro-al.com.br\/v2\/index.php?rest_route=\/wp\/v2\/users\/4"}],"replies":[{"embeddable":true,"href":"http:\/\/sinpro-al.com.br\/v2\/index.php?rest_route=%2Fwp%2Fv2%2Fcomments&post=4346"}],"version-history":[{"count":3,"href":"http:\/\/sinpro-al.com.br\/v2\/index.php?rest_route=\/wp\/v2\/posts\/4346\/revisions"}],"predecessor-version":[{"id":4350,"href":"http:\/\/sinpro-al.com.br\/v2\/index.php?rest_route=\/wp\/v2\/posts\/4346\/revisions\/4350"}],"wp:featuredmedia":[{"embeddable":true,"href":"http:\/\/sinpro-al.com.br\/v2\/index.php?rest_route=\/wp\/v2\/media\/4348"}],"wp:attachment":[{"href":"http:\/\/sinpro-al.com.br\/v2\/index.php?rest_route=%2Fwp%2Fv2%2Fmedia&parent=4346"}],"wp:term":[{"taxonomy":"category","embeddable":true,"href":"http:\/\/sinpro-al.com.br\/v2\/index.php?rest_route=%2Fwp%2Fv2%2Fcategories&post=4346"},{"taxonomy":"post_tag","embeddable":true,"href":"http:\/\/sinpro-al.com.br\/v2\/index.php?rest_route=%2Fwp%2Fv2%2Ftags&post=4346"}],"curies":[{"name":"wp","href":"https:\/\/api.w.org\/{rel}","templated":true}]}}