{"id":432,"date":"2014-08-28T10:07:57","date_gmt":"2014-08-28T13:07:57","guid":{"rendered":"http:\/\/sinpro-al.com.br\/v2\/?p=432"},"modified":"2014-08-28T10:07:57","modified_gmt":"2014-08-28T13:07:57","slug":"entidades-disponibilizam-folder-com-manifesto-a-educacao-tem-que-ser-compromisso-prioritario","status":"publish","type":"post","link":"http:\/\/sinpro-al.com.br\/v2\/?p=432","title":{"rendered":"Entidades disponibilizam folder com manifesto \u2018A educa\u00e7\u00e3o tem que ser compromisso priorit\u00e1rio\u2019"},"content":{"rendered":"<p>&nbsp;<\/p>\n<p style=\"color: #5e6066;\">O manifesto \u201cA educa\u00e7\u00e3o tem que ser compromisso priorit\u00e1rio\u201d \u2013 aprovado no \u00faltimo dia 20, em Bras\u00edlia, pela Plen\u00e1ria Nacional de Educa\u00e7\u00e3o e subscrito por 16 entidades nacionais comprometidas com a defesa do fortalecimento da educa\u00e7\u00e3o p\u00fablica, gratuita, democr\u00e1tica de qualidade e socialmente referenciada \u2013 est\u00e1 dispon\u00edvel integralmente em folder lan\u00e7ado\u00a0pelo conjunto das entidades.<\/p>\n<p>&nbsp;<\/p>\n<p style=\"color: #5e6066;\">O objetivo \u00e9 que, al\u00e9m da entrega do documento com as principais demandas da educa\u00e7\u00e3o nacional aos presidenci\u00e1veis, o folder tamb\u00e9m possa ser utilizado nos estados, junto aos candidatos ao Legislativo e aos governos, para reafirmar o compromisso com a educa\u00e7\u00e3o.<\/p>\n<p><img loading=\"lazy\" decoding=\"async\" class=\"wp-image-433 aligncenter\" src=\"http:\/\/sinpro-al.com.br\/v2\/wp-content\/uploads\/2014\/08\/folder-1-300x212.jpg\" alt=\"folder (1)\" width=\"413\" height=\"292\" srcset=\"http:\/\/sinpro-al.com.br\/v2\/wp-content\/uploads\/2014\/08\/folder-1-300x212.jpg 300w, http:\/\/sinpro-al.com.br\/v2\/wp-content\/uploads\/2014\/08\/folder-1.jpg 839w\" sizes=\"auto, (max-width: 413px) 100vw, 413px\" \/><\/p>\n<p style=\"text-align: center;\"><a href=\"http:\/\/contee.org.br\/contee\/wp-content\/uploads\/2014\/08\/Folder-Plenaria-Educacao.pdf\" target=\"_blank\"><strong>Baixe o arquivo em alta resolu\u00e7\u00e3o aqui.<\/strong><\/a><\/p>\n","protected":false},"excerpt":{"rendered":"<p>&nbsp; O manifesto \u201cA educa\u00e7\u00e3o tem que ser compromisso priorit\u00e1rio\u201d \u2013 aprovado no \u00faltimo dia 20, em Bras\u00edlia, pela Plen\u00e1ria Nacional de Educa\u00e7\u00e3o e subscrito por 16 entidades nacionais comprometidas com a defesa do fortalecimento da educa\u00e7\u00e3o p\u00fablica, gratuita, democr\u00e1tica de qualidade e socialmente referenciada \u2013 est\u00e1 dispon\u00edvel integralmente em folder lan\u00e7ado\u00a0pelo conjunto das entidades. [&hellip;]<\/p>\n","protected":false},"author":4,"featured_media":0,"comment_status":"open","ping_status":"open","sticky":false,"template":"","format":"standard","meta":{"footnotes":""},"categories":[14,13],"tags":[],"class_list":["post-432","post","type-post","status-publish","format-standard","hentry","category-brasil","category-educacao"],"_links":{"self":[{"href":"http:\/\/sinpro-al.com.br\/v2\/index.php?rest_route=\/wp\/v2\/posts\/432","targetHints":{"allow":["GET"]}}],"collection":[{"href":"http:\/\/sinpro-al.com.br\/v2\/index.php?rest_route=\/wp\/v2\/posts"}],"about":[{"href":"http:\/\/sinpro-al.com.br\/v2\/index.php?rest_route=\/wp\/v2\/types\/post"}],"author":[{"embeddable":true,"href":"http:\/\/sinpro-al.com.br\/v2\/index.php?rest_route=\/wp\/v2\/users\/4"}],"replies":[{"embeddable":true,"href":"http:\/\/sinpro-al.com.br\/v2\/index.php?rest_route=%2Fwp%2Fv2%2Fcomments&post=432"}],"version-history":[{"count":1,"href":"http:\/\/sinpro-al.com.br\/v2\/index.php?rest_route=\/wp\/v2\/posts\/432\/revisions"}],"predecessor-version":[{"id":434,"href":"http:\/\/sinpro-al.com.br\/v2\/index.php?rest_route=\/wp\/v2\/posts\/432\/revisions\/434"}],"wp:attachment":[{"href":"http:\/\/sinpro-al.com.br\/v2\/index.php?rest_route=%2Fwp%2Fv2%2Fmedia&parent=432"}],"wp:term":[{"taxonomy":"category","embeddable":true,"href":"http:\/\/sinpro-al.com.br\/v2\/index.php?rest_route=%2Fwp%2Fv2%2Fcategories&post=432"},{"taxonomy":"post_tag","embeddable":true,"href":"http:\/\/sinpro-al.com.br\/v2\/index.php?rest_route=%2Fwp%2Fv2%2Ftags&post=432"}],"curies":[{"name":"wp","href":"https:\/\/api.w.org\/{rel}","templated":true}]}}