{"id":4315,"date":"2017-07-28T09:38:55","date_gmt":"2017-07-28T12:38:55","guid":{"rendered":"http:\/\/sinpro-al.com.br\/v2\/?p=4315"},"modified":"2017-07-28T09:40:10","modified_gmt":"2017-07-28T12:40:10","slug":"nota-de-solidariedade","status":"publish","type":"post","link":"http:\/\/sinpro-al.com.br\/v2\/?p=4315","title":{"rendered":"Nota de solidariedade"},"content":{"rendered":"<p><a href=\"http:\/\/sinpro-al.com.br\/v2\/wp-content\/uploads\/2016\/03\/sinpro-al.jpg\"><img loading=\"lazy\" decoding=\"async\" class=\"alignleft size-medium wp-image-2293\" src=\"http:\/\/sinpro-al.com.br\/v2\/wp-content\/uploads\/2016\/03\/sinpro-al-243x300.jpg\" alt=\"\" width=\"243\" height=\"300\" srcset=\"http:\/\/sinpro-al.com.br\/v2\/wp-content\/uploads\/2016\/03\/sinpro-al-243x300.jpg 243w, http:\/\/sinpro-al.com.br\/v2\/wp-content\/uploads\/2016\/03\/sinpro-al.jpg 716w\" sizes=\"auto, (max-width: 243px) 100vw, 243px\" \/><\/a>O Sindicato dos Professores de Alagoas (Sinpro\/AL) manifesta solidariedade ao reitor da Universidade do Estado de Alagoas (Uneal), Jairo Campos, devido a a\u00e7\u00e3o intimidat\u00f3ria sofrida ap\u00f3s anunciar t\u00edtulo de doutor honoris causa para o ex-presidente da Rep\u00fablica, Luiz In\u00e1cio Lula da Silva.<\/p>\n<p>A entidade classista recha\u00e7a qualquer tipo de agress\u00e3o ou amea\u00e7a contra os educadores e destaca a import\u00e2ncia da atua\u00e7\u00e3o da Secretaria de Seguran\u00e7a no caso para apurar e punir quem agiu de forma criminosa contra o docente.<\/p>\n<p>Que a democracia seja respeitada e que nenhum vi\u00e9s pol\u00edtico possa intimidar as a\u00e7\u00f5es leg\u00edtimas praticadas pelo reitor da Uneal, Jairo Campos.<\/p>\n<p>Somos professores com orgulho e exigimos respeito!<\/p>\n<p><strong><em>Eduardo Vasconcelos *<\/em><\/strong>Presidente do Sindicato dos Professores de Alagoas<\/p>\n<p>&nbsp;<\/p>\n","protected":false},"excerpt":{"rendered":"<p>O Sindicato dos Professores de Alagoas (Sinpro\/AL) manifesta solidariedade ao reitor da Universidade do Estado de Alagoas (Uneal), Jairo Campos, devido a a\u00e7\u00e3o intimidat\u00f3ria sofrida ap\u00f3s anunciar t\u00edtulo de doutor honoris causa para o ex-presidente da Rep\u00fablica, Luiz In\u00e1cio Lula da Silva. A entidade classista recha\u00e7a qualquer tipo de agress\u00e3o ou amea\u00e7a contra os educadores [&hellip;]<\/p>\n","protected":false},"author":4,"featured_media":2924,"comment_status":"open","ping_status":"open","sticky":false,"template":"","format":"standard","meta":{"footnotes":""},"categories":[4],"tags":[],"class_list":["post-4315","post","type-post","status-publish","format-standard","has-post-thumbnail","hentry","category-noticias-sinpro-al"],"_links":{"self":[{"href":"http:\/\/sinpro-al.com.br\/v2\/index.php?rest_route=\/wp\/v2\/posts\/4315","targetHints":{"allow":["GET"]}}],"collection":[{"href":"http:\/\/sinpro-al.com.br\/v2\/index.php?rest_route=\/wp\/v2\/posts"}],"about":[{"href":"http:\/\/sinpro-al.com.br\/v2\/index.php?rest_route=\/wp\/v2\/types\/post"}],"author":[{"embeddable":true,"href":"http:\/\/sinpro-al.com.br\/v2\/index.php?rest_route=\/wp\/v2\/users\/4"}],"replies":[{"embeddable":true,"href":"http:\/\/sinpro-al.com.br\/v2\/index.php?rest_route=%2Fwp%2Fv2%2Fcomments&post=4315"}],"version-history":[{"count":3,"href":"http:\/\/sinpro-al.com.br\/v2\/index.php?rest_route=\/wp\/v2\/posts\/4315\/revisions"}],"predecessor-version":[{"id":4318,"href":"http:\/\/sinpro-al.com.br\/v2\/index.php?rest_route=\/wp\/v2\/posts\/4315\/revisions\/4318"}],"wp:featuredmedia":[{"embeddable":true,"href":"http:\/\/sinpro-al.com.br\/v2\/index.php?rest_route=\/wp\/v2\/media\/2924"}],"wp:attachment":[{"href":"http:\/\/sinpro-al.com.br\/v2\/index.php?rest_route=%2Fwp%2Fv2%2Fmedia&parent=4315"}],"wp:term":[{"taxonomy":"category","embeddable":true,"href":"http:\/\/sinpro-al.com.br\/v2\/index.php?rest_route=%2Fwp%2Fv2%2Fcategories&post=4315"},{"taxonomy":"post_tag","embeddable":true,"href":"http:\/\/sinpro-al.com.br\/v2\/index.php?rest_route=%2Fwp%2Fv2%2Ftags&post=4315"}],"curies":[{"name":"wp","href":"https:\/\/api.w.org\/{rel}","templated":true}]}}