{"id":4289,"date":"2017-07-20T10:57:53","date_gmt":"2017-07-20T13:57:53","guid":{"rendered":"http:\/\/sinpro-al.com.br\/v2\/?p=4289"},"modified":"2017-07-20T10:57:53","modified_gmt":"2017-07-20T13:57:53","slug":"nap-pode-ser-solicitado-por-estabelecimentos-de-ensino","status":"publish","type":"post","link":"http:\/\/sinpro-al.com.br\/v2\/?p=4289","title":{"rendered":"NAP pode ser solicitado por estabelecimentos de ensino"},"content":{"rendered":"<p><a href=\"http:\/\/sinpro-al.com.br\/v2\/wp-content\/uploads\/2017\/07\/nap.jpg\"><img loading=\"lazy\" decoding=\"async\" class=\"size-medium wp-image-4290 alignleft\" src=\"http:\/\/sinpro-al.com.br\/v2\/wp-content\/uploads\/2017\/07\/nap-269x300.jpg\" alt=\"\" width=\"269\" height=\"300\" srcset=\"http:\/\/sinpro-al.com.br\/v2\/wp-content\/uploads\/2017\/07\/nap-269x300.jpg 269w, http:\/\/sinpro-al.com.br\/v2\/wp-content\/uploads\/2017\/07\/nap.jpg 363w\" sizes=\"auto, (max-width: 269px) 100vw, 269px\" \/><\/a>Os estabelecimentos de ensino podem entrar em contato com o Sinpro\/AL, atrav\u00e9s de nossos telefones, para solicitar que o N\u00facleo de Apoio Psicol\u00f3gico (NAP) fa\u00e7a uma visita de apresenta\u00e7\u00e3o aos docentes.<\/p>\n<p>O trabalho \u00e9 realizado pelo psic\u00f3logo do NAP, Albery Lima, que consiste em palestras e orienta\u00e7\u00f5es para os educadores, sobre os problemas de sa\u00fade que a profiss\u00e3o pode acarretar e como devem ser tratadas. O N\u00facleo desenvolve tamb\u00e9m semin\u00e1rios e workshops para contribuir com a capacita\u00e7\u00e3o, treinamento e desenvolvimento dos profissionais.<\/p>\n<p>A diretoria do Sinpro\/AL informa que o atendimento psicol\u00f3gico, o acolhimento do NAP, ocorre todas as quartas-feiras, no hor\u00e1rio das 9h \u00e0s 15h. Basta fazer seu agendamento pelo contato: 3313-3607 ou pelo endere\u00e7o sinprosaude.al@gmail.com<\/p>\n<p>Lembrando que estamos em um novo endere\u00e7o: Rua Santa Cruz, n\u00famero 352, no bairro do Farol, em Macei\u00f3.<\/p>\n","protected":false},"excerpt":{"rendered":"<p>Os estabelecimentos de ensino podem entrar em contato com o Sinpro\/AL, atrav\u00e9s de nossos telefones, para solicitar que o N\u00facleo de Apoio Psicol\u00f3gico (NAP) fa\u00e7a uma visita de apresenta\u00e7\u00e3o aos docentes. O trabalho \u00e9 realizado pelo psic\u00f3logo do NAP, Albery Lima, que consiste em palestras e orienta\u00e7\u00f5es para os educadores, sobre os problemas de sa\u00fade [&hellip;]<\/p>\n","protected":false},"author":6,"featured_media":4290,"comment_status":"open","ping_status":"open","sticky":false,"template":"","format":"standard","meta":{"footnotes":""},"categories":[4],"tags":[],"class_list":["post-4289","post","type-post","status-publish","format-standard","has-post-thumbnail","hentry","category-noticias-sinpro-al"],"_links":{"self":[{"href":"http:\/\/sinpro-al.com.br\/v2\/index.php?rest_route=\/wp\/v2\/posts\/4289","targetHints":{"allow":["GET"]}}],"collection":[{"href":"http:\/\/sinpro-al.com.br\/v2\/index.php?rest_route=\/wp\/v2\/posts"}],"about":[{"href":"http:\/\/sinpro-al.com.br\/v2\/index.php?rest_route=\/wp\/v2\/types\/post"}],"author":[{"embeddable":true,"href":"http:\/\/sinpro-al.com.br\/v2\/index.php?rest_route=\/wp\/v2\/users\/6"}],"replies":[{"embeddable":true,"href":"http:\/\/sinpro-al.com.br\/v2\/index.php?rest_route=%2Fwp%2Fv2%2Fcomments&post=4289"}],"version-history":[{"count":1,"href":"http:\/\/sinpro-al.com.br\/v2\/index.php?rest_route=\/wp\/v2\/posts\/4289\/revisions"}],"predecessor-version":[{"id":4291,"href":"http:\/\/sinpro-al.com.br\/v2\/index.php?rest_route=\/wp\/v2\/posts\/4289\/revisions\/4291"}],"wp:featuredmedia":[{"embeddable":true,"href":"http:\/\/sinpro-al.com.br\/v2\/index.php?rest_route=\/wp\/v2\/media\/4290"}],"wp:attachment":[{"href":"http:\/\/sinpro-al.com.br\/v2\/index.php?rest_route=%2Fwp%2Fv2%2Fmedia&parent=4289"}],"wp:term":[{"taxonomy":"category","embeddable":true,"href":"http:\/\/sinpro-al.com.br\/v2\/index.php?rest_route=%2Fwp%2Fv2%2Fcategories&post=4289"},{"taxonomy":"post_tag","embeddable":true,"href":"http:\/\/sinpro-al.com.br\/v2\/index.php?rest_route=%2Fwp%2Fv2%2Ftags&post=4289"}],"curies":[{"name":"wp","href":"https:\/\/api.w.org\/{rel}","templated":true}]}}