{"id":4274,"date":"2017-07-19T12:03:16","date_gmt":"2017-07-19T15:03:16","guid":{"rendered":"http:\/\/sinpro-al.com.br\/v2\/?p=4274"},"modified":"2017-07-25T10:21:45","modified_gmt":"2017-07-25T13:21:45","slug":"promo-ira-continuar","status":"publish","type":"post","link":"http:\/\/sinpro-al.com.br\/v2\/?p=4274","title":{"rendered":"O PROMO ir\u00e1 continuar"},"content":{"rendered":"<div>\n<div id=\"attachment_4275\" style=\"width: 310px\" class=\"wp-caption alignleft\"><a href=\"http:\/\/sinpro-al.com.br\/v2\/wp-content\/uploads\/2017\/07\/WhatsApp-Image-2017-07-19-at-11.59.41.jpeg\"><img loading=\"lazy\" decoding=\"async\" aria-describedby=\"caption-attachment-4275\" class=\"wp-image-4275 size-medium\" src=\"http:\/\/sinpro-al.com.br\/v2\/wp-content\/uploads\/2017\/07\/WhatsApp-Image-2017-07-19-at-11.59.41-300x225.jpeg\" alt=\"\" width=\"300\" height=\"225\" srcset=\"http:\/\/sinpro-al.com.br\/v2\/wp-content\/uploads\/2017\/07\/WhatsApp-Image-2017-07-19-at-11.59.41-300x225.jpeg 300w, http:\/\/sinpro-al.com.br\/v2\/wp-content\/uploads\/2017\/07\/WhatsApp-Image-2017-07-19-at-11.59.41-768x575.jpeg 768w, http:\/\/sinpro-al.com.br\/v2\/wp-content\/uploads\/2017\/07\/WhatsApp-Image-2017-07-19-at-11.59.41-1024x767.jpeg 1024w, http:\/\/sinpro-al.com.br\/v2\/wp-content\/uploads\/2017\/07\/WhatsApp-Image-2017-07-19-at-11.59.41.jpeg 1280w\" sizes=\"auto, (max-width: 300px) 100vw, 300px\" \/><\/a><p id=\"caption-attachment-4275\" class=\"wp-caption-text\">(PROMO realizado no Col\u00e9gio Exato, em Jacarecica.)<\/p><\/div>\n<p class=\"x_MsoNormal\">Em audi\u00eancia no Minist\u00e9rio P\u00fablico do Trabalho (MPT), o procurador Raphael Rodrigues de Alencar destacou para os representantes do Sindicato dos Professores de Alagoas (Sinpro\/AL) que o Promo ir\u00e1 continuar.<\/p>\n<p>Ainda na audi\u00eancia, os representantes Centro de Refer\u00eancia em Sa\u00fade do Trabalhador (<em><b>Cerest<\/b><\/em>) no munic\u00edpio de Macei\u00f3 disseram que possu\u00edam preocupa\u00e7\u00f5es em rela\u00e7\u00e3o a continuidade dos trabalhos, para que a iniciativa possa aferir sua efetividade. Foi colocado tamb\u00e9m a necessidade de retorno \u00e0s escolas visitadas para conferir se as sugest\u00f5es propostas pelo Centro est\u00e3o sendo adotadas.<\/p>\n<p>O Sindicato dos Professores de Alagoas (Sinpro\/AL) refor\u00e7a a import\u00e2ncia do trabalho realizado durante o Promo para a categoria \u00a0e ratifica que o projeto em parceria com o MPT, Cerest e a entidade classista ir\u00e1 permanecer.<\/p>\n<p>&nbsp;<\/p>\n<p class=\"x_MsoNormal\">O que \u00e9 PROMO?<\/p>\n<p>O Sindicato dos Professores de Alagoas (Sinpro\/AL) em parceria com o Centro de Refer\u00eancia em Sa\u00fade do Trabalhador\u00a0 (Cerest), Minist\u00e9rio P\u00fablico do Trabalho (MPT) desenvolvem o Procedimento Promocional (PROMO), que tem como objetivo tomar a\u00e7\u00f5es preventivas que promovam a adequa\u00e7\u00e3o das empresas \u00e0s normas trabalhistas.<\/p>\n<p>O Procedimento Promocional vem sendo desenvolvido desde 2015 em escolas e faculdades para que os estabelecimentos de ensino se adequem as necessidades dos educadores.<\/p>\n<\/div>\n<p>Somos professores com orgulho\u00a0 e exigimos respeito!<\/p>\n<div><\/div>\n<div><\/div>\n","protected":false},"excerpt":{"rendered":"<p>Em audi\u00eancia no Minist\u00e9rio P\u00fablico do Trabalho (MPT), o procurador Raphael Rodrigues de Alencar destacou para os representantes do Sindicato dos Professores de Alagoas (Sinpro\/AL) que o Promo ir\u00e1 continuar. Ainda na audi\u00eancia, os representantes Centro de Refer\u00eancia em Sa\u00fade do Trabalhador (Cerest) no munic\u00edpio de Macei\u00f3 disseram que possu\u00edam preocupa\u00e7\u00f5es em rela\u00e7\u00e3o a continuidade [&hellip;]<\/p>\n","protected":false},"author":6,"featured_media":4275,"comment_status":"open","ping_status":"open","sticky":false,"template":"","format":"standard","meta":{"footnotes":""},"categories":[4],"tags":[],"class_list":["post-4274","post","type-post","status-publish","format-standard","has-post-thumbnail","hentry","category-noticias-sinpro-al"],"_links":{"self":[{"href":"http:\/\/sinpro-al.com.br\/v2\/index.php?rest_route=\/wp\/v2\/posts\/4274","targetHints":{"allow":["GET"]}}],"collection":[{"href":"http:\/\/sinpro-al.com.br\/v2\/index.php?rest_route=\/wp\/v2\/posts"}],"about":[{"href":"http:\/\/sinpro-al.com.br\/v2\/index.php?rest_route=\/wp\/v2\/types\/post"}],"author":[{"embeddable":true,"href":"http:\/\/sinpro-al.com.br\/v2\/index.php?rest_route=\/wp\/v2\/users\/6"}],"replies":[{"embeddable":true,"href":"http:\/\/sinpro-al.com.br\/v2\/index.php?rest_route=%2Fwp%2Fv2%2Fcomments&post=4274"}],"version-history":[{"count":6,"href":"http:\/\/sinpro-al.com.br\/v2\/index.php?rest_route=\/wp\/v2\/posts\/4274\/revisions"}],"predecessor-version":[{"id":4296,"href":"http:\/\/sinpro-al.com.br\/v2\/index.php?rest_route=\/wp\/v2\/posts\/4274\/revisions\/4296"}],"wp:featuredmedia":[{"embeddable":true,"href":"http:\/\/sinpro-al.com.br\/v2\/index.php?rest_route=\/wp\/v2\/media\/4275"}],"wp:attachment":[{"href":"http:\/\/sinpro-al.com.br\/v2\/index.php?rest_route=%2Fwp%2Fv2%2Fmedia&parent=4274"}],"wp:term":[{"taxonomy":"category","embeddable":true,"href":"http:\/\/sinpro-al.com.br\/v2\/index.php?rest_route=%2Fwp%2Fv2%2Fcategories&post=4274"},{"taxonomy":"post_tag","embeddable":true,"href":"http:\/\/sinpro-al.com.br\/v2\/index.php?rest_route=%2Fwp%2Fv2%2Ftags&post=4274"}],"curies":[{"name":"wp","href":"https:\/\/api.w.org\/{rel}","templated":true}]}}