{"id":4237,"date":"2017-07-13T18:41:19","date_gmt":"2017-07-13T21:41:19","guid":{"rendered":"http:\/\/sinpro-al.com.br\/v2\/?p=4237"},"modified":"2017-07-13T18:53:31","modified_gmt":"2017-07-13T21:53:31","slug":"audiencia-entre-o-sinproal-e-a-escola-superacao-foi-adiada","status":"publish","type":"post","link":"http:\/\/sinpro-al.com.br\/v2\/?p=4237","title":{"rendered":"Audi\u00eancia entre o Sinpro\/AL e a escola Supera\u00e7\u00e3o foi adiada"},"content":{"rendered":"<div id=\"attachment_4241\" style=\"width: 310px\" class=\"wp-caption alignleft\"><a href=\"http:\/\/sinpro-al.com.br\/v2\/wp-content\/uploads\/2017\/07\/FachadaMPT.jpg\"><img loading=\"lazy\" decoding=\"async\" aria-describedby=\"caption-attachment-4241\" class=\"size-medium wp-image-4241\" src=\"http:\/\/sinpro-al.com.br\/v2\/wp-content\/uploads\/2017\/07\/FachadaMPT-300x171.jpg\" alt=\"\" width=\"300\" height=\"171\" srcset=\"http:\/\/sinpro-al.com.br\/v2\/wp-content\/uploads\/2017\/07\/FachadaMPT-300x171.jpg 300w, http:\/\/sinpro-al.com.br\/v2\/wp-content\/uploads\/2017\/07\/FachadaMPT-768x437.jpg 768w, http:\/\/sinpro-al.com.br\/v2\/wp-content\/uploads\/2017\/07\/FachadaMPT.jpg 1024w\" sizes=\"auto, (max-width: 300px) 100vw, 300px\" \/><\/a><p id=\"caption-attachment-4241\" class=\"wp-caption-text\">(MPT de Alagoas)<\/p><\/div>\n<p>A audi\u00eancia entre o Sindicato dos Professores de Alagoas (Sinpro\/AL) com os representantes da escola Supera\u00e7\u00e3o foi<\/p>\n<p>adiada para pr\u00f3xima quinta-feira, dia 20, \u00e0s 10h, no Minit\u00e9rio P\u00fablico do Trabalho (MPT).<\/p>\n<p>O MPT remarcou a audi\u00eancia ap\u00f3s pedido da institui\u00e7\u00e3o. O \u00f3rg\u00e3o solicita que sejam apresentados todos os documentos dos funcion\u00e1rios que foram demitidos.<\/p>\n<p>O Sinpro\/AL est\u00e1 acompanhando o caso, onde professores foram demitidos semana passada sem maiores justificativas.<\/p>\n<p>A diretoria da entidade classista segue trabalhando para garantir todos os direitos dos educadores.<\/p>\n<p>Somos professores com orgulho e exigimos respeito!<\/p>\n","protected":false},"excerpt":{"rendered":"<p>A audi\u00eancia entre o Sindicato dos Professores de Alagoas (Sinpro\/AL) com os representantes da escola Supera\u00e7\u00e3o foi adiada para pr\u00f3xima quinta-feira, dia 20, \u00e0s 10h, no Minit\u00e9rio P\u00fablico do Trabalho (MPT). O MPT remarcou a audi\u00eancia ap\u00f3s pedido da institui\u00e7\u00e3o. O \u00f3rg\u00e3o solicita que sejam apresentados todos os documentos dos funcion\u00e1rios que foram demitidos. O [&hellip;]<\/p>\n","protected":false},"author":6,"featured_media":4238,"comment_status":"open","ping_status":"open","sticky":false,"template":"","format":"standard","meta":{"footnotes":""},"categories":[4],"tags":[],"class_list":["post-4237","post","type-post","status-publish","format-standard","has-post-thumbnail","hentry","category-noticias-sinpro-al"],"_links":{"self":[{"href":"http:\/\/sinpro-al.com.br\/v2\/index.php?rest_route=\/wp\/v2\/posts\/4237","targetHints":{"allow":["GET"]}}],"collection":[{"href":"http:\/\/sinpro-al.com.br\/v2\/index.php?rest_route=\/wp\/v2\/posts"}],"about":[{"href":"http:\/\/sinpro-al.com.br\/v2\/index.php?rest_route=\/wp\/v2\/types\/post"}],"author":[{"embeddable":true,"href":"http:\/\/sinpro-al.com.br\/v2\/index.php?rest_route=\/wp\/v2\/users\/6"}],"replies":[{"embeddable":true,"href":"http:\/\/sinpro-al.com.br\/v2\/index.php?rest_route=%2Fwp%2Fv2%2Fcomments&post=4237"}],"version-history":[{"count":4,"href":"http:\/\/sinpro-al.com.br\/v2\/index.php?rest_route=\/wp\/v2\/posts\/4237\/revisions"}],"predecessor-version":[{"id":4243,"href":"http:\/\/sinpro-al.com.br\/v2\/index.php?rest_route=\/wp\/v2\/posts\/4237\/revisions\/4243"}],"wp:featuredmedia":[{"embeddable":true,"href":"http:\/\/sinpro-al.com.br\/v2\/index.php?rest_route=\/wp\/v2\/media\/4238"}],"wp:attachment":[{"href":"http:\/\/sinpro-al.com.br\/v2\/index.php?rest_route=%2Fwp%2Fv2%2Fmedia&parent=4237"}],"wp:term":[{"taxonomy":"category","embeddable":true,"href":"http:\/\/sinpro-al.com.br\/v2\/index.php?rest_route=%2Fwp%2Fv2%2Fcategories&post=4237"},{"taxonomy":"post_tag","embeddable":true,"href":"http:\/\/sinpro-al.com.br\/v2\/index.php?rest_route=%2Fwp%2Fv2%2Ftags&post=4237"}],"curies":[{"name":"wp","href":"https:\/\/api.w.org\/{rel}","templated":true}]}}