{"id":4234,"date":"2017-07-12T11:54:14","date_gmt":"2017-07-12T14:54:14","guid":{"rendered":"http:\/\/sinpro-al.com.br\/v2\/?p=4234"},"modified":"2017-07-12T11:54:14","modified_gmt":"2017-07-12T14:54:14","slug":"voltamos-do-recesso","status":"publish","type":"post","link":"http:\/\/sinpro-al.com.br\/v2\/?p=4234","title":{"rendered":"Voltamos do recesso!"},"content":{"rendered":"<p><a href=\"http:\/\/sinpro-al.com.br\/v2\/wp-content\/uploads\/2017\/07\/IMG-20170712-WA0028.jpg\"><img loading=\"lazy\" decoding=\"async\" class=\"size-medium wp-image-4232 alignleft\" src=\"http:\/\/sinpro-al.com.br\/v2\/wp-content\/uploads\/2017\/07\/IMG-20170712-WA0028-300x233.jpg\" alt=\"O Sindicato dos Professores de Alagoas (Sinpro\/AL) informa aos professores   sindicalizados que a entidade classista retomou suas atividades, ap\u00f3s  o recesso, desde segunda-feira, 10\/7.  As atividades est\u00e3o sendo realizadas na entidade normalmente das 9h \u00e0s 15h, de segunda a sexta.   Vale lembrar que a nova sede do Sinpro fica localizado na Rua Santa Cruz, 352, no bairro do Farol, em Macei\u00f3.  Mais informa\u00e7\u00f5es: (82) 3313-3607  Somos professores com orgulho e exigimos respeito!\" width=\"300\" height=\"233\" srcset=\"http:\/\/sinpro-al.com.br\/v2\/wp-content\/uploads\/2017\/07\/IMG-20170712-WA0028-300x233.jpg 300w, http:\/\/sinpro-al.com.br\/v2\/wp-content\/uploads\/2017\/07\/IMG-20170712-WA0028-768x596.jpg 768w, http:\/\/sinpro-al.com.br\/v2\/wp-content\/uploads\/2017\/07\/IMG-20170712-WA0028.jpg 928w\" sizes=\"auto, (max-width: 300px) 100vw, 300px\" \/><\/a>O Sindicato dos Professores de Alagoas (Sinpro\/AL) informa aos professores sindicalizados que a entidade classista retomou suas atividades, ap\u00f3s o recesso, desde segunda-feira, 10\/7.<\/p>\n<p>As atividades est\u00e3o sendo realizadas na entidade normalmente das 9h \u00e0s 15h, de segunda a sexta.<\/p>\n<p>Vale lembrar que a nova sede do Sinpro fica localizado na Rua Santa Cruz, 352, no bairro do Farol, em Macei\u00f3.<\/p>\n<p>Mais informa\u00e7\u00f5es: (82) 3313-3607<\/p>\n<p>Somos professores com orgulho e exigimos respeito!<\/p>\n","protected":false},"excerpt":{"rendered":"<p>O Sindicato dos Professores de Alagoas (Sinpro\/AL) informa aos professores sindicalizados que a entidade classista retomou suas atividades, ap\u00f3s o recesso, desde segunda-feira, 10\/7. As atividades est\u00e3o sendo realizadas na entidade normalmente das 9h \u00e0s 15h, de segunda a sexta. Vale lembrar que a nova sede do Sinpro fica localizado na Rua Santa Cruz, 352, [&hellip;]<\/p>\n","protected":false},"author":6,"featured_media":4232,"comment_status":"open","ping_status":"open","sticky":false,"template":"","format":"standard","meta":{"footnotes":""},"categories":[4],"tags":[],"class_list":["post-4234","post","type-post","status-publish","format-standard","has-post-thumbnail","hentry","category-noticias-sinpro-al"],"_links":{"self":[{"href":"http:\/\/sinpro-al.com.br\/v2\/index.php?rest_route=\/wp\/v2\/posts\/4234","targetHints":{"allow":["GET"]}}],"collection":[{"href":"http:\/\/sinpro-al.com.br\/v2\/index.php?rest_route=\/wp\/v2\/posts"}],"about":[{"href":"http:\/\/sinpro-al.com.br\/v2\/index.php?rest_route=\/wp\/v2\/types\/post"}],"author":[{"embeddable":true,"href":"http:\/\/sinpro-al.com.br\/v2\/index.php?rest_route=\/wp\/v2\/users\/6"}],"replies":[{"embeddable":true,"href":"http:\/\/sinpro-al.com.br\/v2\/index.php?rest_route=%2Fwp%2Fv2%2Fcomments&post=4234"}],"version-history":[{"count":1,"href":"http:\/\/sinpro-al.com.br\/v2\/index.php?rest_route=\/wp\/v2\/posts\/4234\/revisions"}],"predecessor-version":[{"id":4235,"href":"http:\/\/sinpro-al.com.br\/v2\/index.php?rest_route=\/wp\/v2\/posts\/4234\/revisions\/4235"}],"wp:featuredmedia":[{"embeddable":true,"href":"http:\/\/sinpro-al.com.br\/v2\/index.php?rest_route=\/wp\/v2\/media\/4232"}],"wp:attachment":[{"href":"http:\/\/sinpro-al.com.br\/v2\/index.php?rest_route=%2Fwp%2Fv2%2Fmedia&parent=4234"}],"wp:term":[{"taxonomy":"category","embeddable":true,"href":"http:\/\/sinpro-al.com.br\/v2\/index.php?rest_route=%2Fwp%2Fv2%2Fcategories&post=4234"},{"taxonomy":"post_tag","embeddable":true,"href":"http:\/\/sinpro-al.com.br\/v2\/index.php?rest_route=%2Fwp%2Fv2%2Ftags&post=4234"}],"curies":[{"name":"wp","href":"https:\/\/api.w.org\/{rel}","templated":true}]}}