{"id":4228,"date":"2017-07-12T10:09:11","date_gmt":"2017-07-12T13:09:11","guid":{"rendered":"http:\/\/sinpro-al.com.br\/v2\/?p=4228"},"modified":"2017-07-12T10:09:11","modified_gmt":"2017-07-12T13:09:11","slug":"presidente-do-sinproal-concede-entrevista-e-fala-em-defesa-dos-professores","status":"publish","type":"post","link":"http:\/\/sinpro-al.com.br\/v2\/?p=4228","title":{"rendered":"Presidente  do Sinpro\/AL concede entrevista e fala em defesa dos professores"},"content":{"rendered":"<div id=\"attachment_4229\" style=\"width: 310px\" class=\"wp-caption alignleft\"><a href=\"http:\/\/sinpro-al.com.br\/v2\/wp-content\/uploads\/2017\/07\/radio.jpg\"><img loading=\"lazy\" decoding=\"async\" aria-describedby=\"caption-attachment-4229\" class=\"size-medium wp-image-4229\" src=\"http:\/\/sinpro-al.com.br\/v2\/wp-content\/uploads\/2017\/07\/radio-300x225.jpg\" alt=\"\" width=\"300\" height=\"225\" srcset=\"http:\/\/sinpro-al.com.br\/v2\/wp-content\/uploads\/2017\/07\/radio-300x225.jpg 300w, http:\/\/sinpro-al.com.br\/v2\/wp-content\/uploads\/2017\/07\/radio-768x576.jpg 768w, http:\/\/sinpro-al.com.br\/v2\/wp-content\/uploads\/2017\/07\/radio.jpg 1024w\" sizes=\"auto, (max-width: 300px) 100vw, 300px\" \/><\/a><p id=\"caption-attachment-4229\" class=\"wp-caption-text\">(Eduardo Vasconcelos &#8211; Presidente do Sinpro na R\u00e1dio Difusora)<\/p><\/div>\n<p>O presidente\u00a0 do Sindicato dos Professores\u00a0 de Alagoas, Eduardo\u00a0 Vasconcelos, concedeu\u00a0 entrevista\u00a0 na R\u00e1dio\u00a0 Difusora.<\/p>\n<p>Na oportunidade o presidente tratou\u00a0 com o \u00e2ncora do programa, Marcos Vasconcelos, do problema\u00a0 ocorrido\u00a0 no col\u00e9gio\u00a0 Supera\u00e7\u00e3o, na semana passada.<\/p>\n<p>Professores e funcion\u00e1rios t\u00e9cnico-administrativos do col\u00e9gio, localizado no bairro Cidade Universit\u00e1ria, parte alta de Macei\u00f3, foram surpreendidos com a demiss\u00e3o coletiva sem aviso pr\u00e9vio.<\/p>\n<p>Eduardo narrou durante a entrevista que ao chegarem para trabalhar\u00a0 os profissionais receberam a informa\u00e7\u00e3o de que 40 pessoas foram despedidas. A entidade\u00a0 classista tomar\u00e1 as medidas cab\u00edveis, atrav\u00e9s\u00a0 da sua assessoria jur\u00eddica, para que o estabelecimento de ensino\u00a0 cumpra o que determina\u00a0 a Legisla\u00e7\u00e3o\u00a0 Trabalhista.<\/p>\n<p>Por fim, Eduardo\u00a0 destacou a import\u00e2ncia da representatividade\u00a0 das categorias\u00a0 junto aos trabalhadores\u00a0 para que seus direitos n\u00e3o sejam suprimidos.<\/p>\n<p>Somos professores com orgulho e exigimos\u00a0 respeito!<\/p>\n","protected":false},"excerpt":{"rendered":"<p>O presidente\u00a0 do Sindicato dos Professores\u00a0 de Alagoas, Eduardo\u00a0 Vasconcelos, concedeu\u00a0 entrevista\u00a0 na R\u00e1dio\u00a0 Difusora. Na oportunidade o presidente tratou\u00a0 com o \u00e2ncora do programa, Marcos Vasconcelos, do problema\u00a0 ocorrido\u00a0 no col\u00e9gio\u00a0 Supera\u00e7\u00e3o, na semana passada. Professores e funcion\u00e1rios t\u00e9cnico-administrativos do col\u00e9gio, localizado no bairro Cidade Universit\u00e1ria, parte alta de Macei\u00f3, foram surpreendidos com a [&hellip;]<\/p>\n","protected":false},"author":6,"featured_media":4229,"comment_status":"open","ping_status":"open","sticky":false,"template":"","format":"standard","meta":{"footnotes":""},"categories":[4],"tags":[],"class_list":["post-4228","post","type-post","status-publish","format-standard","has-post-thumbnail","hentry","category-noticias-sinpro-al"],"_links":{"self":[{"href":"http:\/\/sinpro-al.com.br\/v2\/index.php?rest_route=\/wp\/v2\/posts\/4228","targetHints":{"allow":["GET"]}}],"collection":[{"href":"http:\/\/sinpro-al.com.br\/v2\/index.php?rest_route=\/wp\/v2\/posts"}],"about":[{"href":"http:\/\/sinpro-al.com.br\/v2\/index.php?rest_route=\/wp\/v2\/types\/post"}],"author":[{"embeddable":true,"href":"http:\/\/sinpro-al.com.br\/v2\/index.php?rest_route=\/wp\/v2\/users\/6"}],"replies":[{"embeddable":true,"href":"http:\/\/sinpro-al.com.br\/v2\/index.php?rest_route=%2Fwp%2Fv2%2Fcomments&post=4228"}],"version-history":[{"count":1,"href":"http:\/\/sinpro-al.com.br\/v2\/index.php?rest_route=\/wp\/v2\/posts\/4228\/revisions"}],"predecessor-version":[{"id":4230,"href":"http:\/\/sinpro-al.com.br\/v2\/index.php?rest_route=\/wp\/v2\/posts\/4228\/revisions\/4230"}],"wp:featuredmedia":[{"embeddable":true,"href":"http:\/\/sinpro-al.com.br\/v2\/index.php?rest_route=\/wp\/v2\/media\/4229"}],"wp:attachment":[{"href":"http:\/\/sinpro-al.com.br\/v2\/index.php?rest_route=%2Fwp%2Fv2%2Fmedia&parent=4228"}],"wp:term":[{"taxonomy":"category","embeddable":true,"href":"http:\/\/sinpro-al.com.br\/v2\/index.php?rest_route=%2Fwp%2Fv2%2Fcategories&post=4228"},{"taxonomy":"post_tag","embeddable":true,"href":"http:\/\/sinpro-al.com.br\/v2\/index.php?rest_route=%2Fwp%2Fv2%2Ftags&post=4228"}],"curies":[{"name":"wp","href":"https:\/\/api.w.org\/{rel}","templated":true}]}}