{"id":422,"date":"2014-08-06T11:25:46","date_gmt":"2014-08-06T14:25:46","guid":{"rendered":"http:\/\/sinpro-al.com.br\/v2\/?p=422"},"modified":"2014-08-06T11:37:43","modified_gmt":"2014-08-06T14:37:43","slug":"pne-e-distribuido-na-sede-do-sinpro-al","status":"publish","type":"post","link":"http:\/\/sinpro-al.com.br\/v2\/?p=422","title":{"rendered":"Cartilha sobre o PNE \u00e9 distribu\u00edda na sede do Sinpro-AL"},"content":{"rendered":"<p>Para ajudar a entende<img loading=\"lazy\" decoding=\"async\" class=\"alignleft wp-image-423 size-medium\" src=\"http:\/\/sinpro-al.com.br\/v2\/wp-content\/uploads\/2014\/08\/2014-08-06-10.49.46-300x225.jpg\" alt=\"2014-08-06 10.49.46\" width=\"300\" height=\"225\" srcset=\"http:\/\/sinpro-al.com.br\/v2\/wp-content\/uploads\/2014\/08\/2014-08-06-10.49.46-300x225.jpg 300w, http:\/\/sinpro-al.com.br\/v2\/wp-content\/uploads\/2014\/08\/2014-08-06-10.49.46-1024x768.jpg 1024w, http:\/\/sinpro-al.com.br\/v2\/wp-content\/uploads\/2014\/08\/2014-08-06-10.49.46.jpg 2048w\" sizes=\"auto, (max-width: 300px) 100vw, 300px\" \/>r melhor o Plano Nacional de Educa\u00e7\u00e3o (PNE), a Confedera\u00e7\u00e3o Nacional dos Trabalhadores e Estabelecimentos de Ensino (Contee) elaborou uma cartilha com toda a lei que foi aprovada no dia 26 de julho. O material j\u00e1 est\u00e1 dispon\u00edvel na sede do Sindicato dos Professores do Estado de Alagoas (Sinpro-AL) para os interessados em se aprofundar no tema.<\/p>\n<p>O material est\u00e1 dividido em Introdu\u00e7\u00e3o que conta a hist\u00f3ria de como o plano foi elaborado e o seu significado para os movimentos sociais. Al\u00e9m de como a Educa\u00e7\u00e3o ser\u00e1 regida a partir de agora, assim como os desafios para os pr\u00f3ximos anos. A segunda parte da cartilha \u00e9 o Texto da Lei, seguido das metas e estrat\u00e9gias.<\/p>\n<p>Os professores sindicalizados podem adquirir a cartilha no hor\u00e1rio de funcionamento do Sinpro-AL, de segunda a sexta das 9h \u00e0s 15h.<\/p>\n","protected":false},"excerpt":{"rendered":"<p>Para ajudar a entender melhor o Plano Nacional de Educa\u00e7\u00e3o (PNE), a Confedera\u00e7\u00e3o Nacional dos Trabalhadores e Estabelecimentos de Ensino (Contee) elaborou uma cartilha com toda a lei que foi aprovada no dia 26 de julho. O material j\u00e1 est\u00e1 dispon\u00edvel na sede do Sindicato dos Professores do Estado de Alagoas (Sinpro-AL) para os interessados [&hellip;]<\/p>\n","protected":false},"author":4,"featured_media":0,"comment_status":"open","ping_status":"open","sticky":false,"template":"","format":"standard","meta":{"footnotes":""},"categories":[18,14,13,4],"tags":[76,78,77,43,51],"class_list":["post-422","post","type-post","status-publish","format-standard","hentry","category-alagoas","category-brasil","category-educacao","category-noticias-sinpro-al","tag-cartilha","tag-contee","tag-distribuicao","tag-pne","tag-sinpro"],"_links":{"self":[{"href":"http:\/\/sinpro-al.com.br\/v2\/index.php?rest_route=\/wp\/v2\/posts\/422","targetHints":{"allow":["GET"]}}],"collection":[{"href":"http:\/\/sinpro-al.com.br\/v2\/index.php?rest_route=\/wp\/v2\/posts"}],"about":[{"href":"http:\/\/sinpro-al.com.br\/v2\/index.php?rest_route=\/wp\/v2\/types\/post"}],"author":[{"embeddable":true,"href":"http:\/\/sinpro-al.com.br\/v2\/index.php?rest_route=\/wp\/v2\/users\/4"}],"replies":[{"embeddable":true,"href":"http:\/\/sinpro-al.com.br\/v2\/index.php?rest_route=%2Fwp%2Fv2%2Fcomments&post=422"}],"version-history":[{"count":3,"href":"http:\/\/sinpro-al.com.br\/v2\/index.php?rest_route=\/wp\/v2\/posts\/422\/revisions"}],"predecessor-version":[{"id":426,"href":"http:\/\/sinpro-al.com.br\/v2\/index.php?rest_route=\/wp\/v2\/posts\/422\/revisions\/426"}],"wp:attachment":[{"href":"http:\/\/sinpro-al.com.br\/v2\/index.php?rest_route=%2Fwp%2Fv2%2Fmedia&parent=422"}],"wp:term":[{"taxonomy":"category","embeddable":true,"href":"http:\/\/sinpro-al.com.br\/v2\/index.php?rest_route=%2Fwp%2Fv2%2Fcategories&post=422"},{"taxonomy":"post_tag","embeddable":true,"href":"http:\/\/sinpro-al.com.br\/v2\/index.php?rest_route=%2Fwp%2Fv2%2Ftags&post=422"}],"curies":[{"name":"wp","href":"https:\/\/api.w.org\/{rel}","templated":true}]}}