{"id":420,"date":"2014-08-04T11:53:13","date_gmt":"2014-08-04T14:53:13","guid":{"rendered":"http:\/\/sinpro-al.com.br\/v2\/?p=420"},"modified":"2014-08-04T11:53:13","modified_gmt":"2014-08-04T14:53:13","slug":"a-educacao-no-centro-do-debate-politico-de-2014","status":"publish","type":"post","link":"http:\/\/sinpro-al.com.br\/v2\/?p=420","title":{"rendered":"A educa\u00e7\u00e3o no centro do debate pol\u00edtico de 2014"},"content":{"rendered":"<p style=\"color: #5e6066;\">A aprova\u00e7\u00e3o do Plano Nacional de Educa\u00e7\u00e3o, no primeiro semestre deste ano, foi apenas o primeiro passo. Em outubro os brasileiros e brasileiras v\u00e3o \u00e0s ruas eleger quem ocupar\u00e1 a Presid\u00eancia da Rep\u00fablica, os governos dos estados, a C\u00e2mara dos Deputados, um ter\u00e7o do Senado Federal e as assembleias legislativas. Mais do que isso, por\u00e9m, a Contee defende que, ao apertar na urna a tecla \u201cConfirma\u201d, os eleitores e eleitoras estejam tamb\u00e9m dando seu voto para a educa\u00e7\u00e3o.<\/p>\n<p style=\"color: #5e6066;\">Como forma de mostrar a prioridade na pauta educacional nestas elei\u00e7\u00f5es, o novo programa da TV Contee conversou com representantes das entidades nacionais \u2013 unidas na Plen\u00e1ria Nacional de Educa\u00e7\u00e3o que acontecer\u00e1 nos dias 19 e 20 de agosto \u2013 que defendem o fortalecimento da educa\u00e7\u00e3o p\u00fablica, gratuita e de qualidade socialmente referenciada, bem como a regulamenta\u00e7\u00e3o da educa\u00e7\u00e3o privada.<\/p>\n<p style=\"color: #5e6066;\">Assista ao programa da TV Contee:<\/p>\n<p><iframe loading=\"lazy\" src=\"\/\/www.youtube.com\/embed\/qBU-9cnViOk\" width=\"500\" height=\"281\" frameborder=\"0\" allowfullscreen=\"allowfullscreen\"><\/iframe><\/p>\n","protected":false},"excerpt":{"rendered":"<p>A aprova\u00e7\u00e3o do Plano Nacional de Educa\u00e7\u00e3o, no primeiro semestre deste ano, foi apenas o primeiro passo. Em outubro os brasileiros e brasileiras v\u00e3o \u00e0s ruas eleger quem ocupar\u00e1 a Presid\u00eancia da Rep\u00fablica, os governos dos estados, a C\u00e2mara dos Deputados, um ter\u00e7o do Senado Federal e as assembleias legislativas. Mais do que isso, por\u00e9m, [&hellip;]<\/p>\n","protected":false},"author":4,"featured_media":0,"comment_status":"open","ping_status":"open","sticky":false,"template":"","format":"standard","meta":{"footnotes":""},"categories":[14,13],"tags":[],"class_list":["post-420","post","type-post","status-publish","format-standard","hentry","category-brasil","category-educacao"],"_links":{"self":[{"href":"http:\/\/sinpro-al.com.br\/v2\/index.php?rest_route=\/wp\/v2\/posts\/420","targetHints":{"allow":["GET"]}}],"collection":[{"href":"http:\/\/sinpro-al.com.br\/v2\/index.php?rest_route=\/wp\/v2\/posts"}],"about":[{"href":"http:\/\/sinpro-al.com.br\/v2\/index.php?rest_route=\/wp\/v2\/types\/post"}],"author":[{"embeddable":true,"href":"http:\/\/sinpro-al.com.br\/v2\/index.php?rest_route=\/wp\/v2\/users\/4"}],"replies":[{"embeddable":true,"href":"http:\/\/sinpro-al.com.br\/v2\/index.php?rest_route=%2Fwp%2Fv2%2Fcomments&post=420"}],"version-history":[{"count":1,"href":"http:\/\/sinpro-al.com.br\/v2\/index.php?rest_route=\/wp\/v2\/posts\/420\/revisions"}],"predecessor-version":[{"id":421,"href":"http:\/\/sinpro-al.com.br\/v2\/index.php?rest_route=\/wp\/v2\/posts\/420\/revisions\/421"}],"wp:attachment":[{"href":"http:\/\/sinpro-al.com.br\/v2\/index.php?rest_route=%2Fwp%2Fv2%2Fmedia&parent=420"}],"wp:term":[{"taxonomy":"category","embeddable":true,"href":"http:\/\/sinpro-al.com.br\/v2\/index.php?rest_route=%2Fwp%2Fv2%2Fcategories&post=420"},{"taxonomy":"post_tag","embeddable":true,"href":"http:\/\/sinpro-al.com.br\/v2\/index.php?rest_route=%2Fwp%2Fv2%2Ftags&post=420"}],"curies":[{"name":"wp","href":"https:\/\/api.w.org\/{rel}","templated":true}]}}