{"id":4182,"date":"2017-06-22T14:38:16","date_gmt":"2017-06-22T17:38:16","guid":{"rendered":"http:\/\/sinpro-al.com.br\/v2\/?p=4182"},"modified":"2017-06-22T20:40:25","modified_gmt":"2017-06-22T23:40:25","slug":"justica-determina-que-escola-cumpra-o-recesso-escolar","status":"publish","type":"post","link":"http:\/\/sinpro-al.com.br\/v2\/?p=4182","title":{"rendered":"Justi\u00e7a determina que escola cumpra o recesso escolar"},"content":{"rendered":"<div id=\"attachment_4183\" style=\"width: 135px\" class=\"wp-caption alignleft\"><a href=\"http:\/\/sinpro-al.com.br\/v2\/wp-content\/uploads\/2017\/06\/decis\u00e3o.jpg\"><img loading=\"lazy\" decoding=\"async\" aria-describedby=\"caption-attachment-4183\" class=\"wp-image-4183 size-medium\" src=\"http:\/\/sinpro-al.com.br\/v2\/wp-content\/uploads\/2017\/06\/decis\u00e3o-125x300.jpg\" alt=\"\" width=\"125\" height=\"300\" srcset=\"http:\/\/sinpro-al.com.br\/v2\/wp-content\/uploads\/2017\/06\/decis\u00e3o-125x300.jpg 125w, http:\/\/sinpro-al.com.br\/v2\/wp-content\/uploads\/2017\/06\/decis\u00e3o-428x1024.jpg 428w, http:\/\/sinpro-al.com.br\/v2\/wp-content\/uploads\/2017\/06\/decis\u00e3o.jpg 559w\" sizes=\"auto, (max-width: 125px) 100vw, 125px\" \/><\/a><p id=\"caption-attachment-4183\" class=\"wp-caption-text\">Decis\u00e3o da Justi\u00e7a do Trabalho (clique para ampliar a imagem)<\/p><\/div>\n<p>Instituto Educacional Paju\u00e7ara insistiu em descumprir acordo coletivo formalizado no Tribunal Regional do Trabalho (TRT) entre o Sindicato dos Professores de Alagoas (Sinpro\/AL) e o Sindicato dos Estabelecimentos de Ensino (Sinepe), que instituiu o recesso do ensino b\u00e1sico entre os dias 23 de junho e 7 de julho. Tal fato foi levado pelo Sinpro\/AL, atrav\u00e9s de sua assessoria jur\u00eddica, para Justi\u00e7a do Trabalho, onde um pedido de tutela antecipada foi julgado de forma liminar em favor do cumprimento do recesso, conforme o definido pelas entidades classistas.<\/p>\n<p>O juiz do Trabalho, Alan da Silva Esteves, ainda determinou que se o recesso for descumprido uma multa di\u00e1ria de R$ 1.000, at\u00e9 o limite de R$ 20.000, ser\u00e1 aplicada ao Instituto Educacional Paju\u00e7ara. Onde 50% desse recurso ser\u00e1 destinado para o Sinpro\/AL e 50% para o Fundo de Amparo ao Trabalhador (FAT), onde esse percentual tamb\u00e9m beneficiar\u00e1 \u00a0uma institui\u00e7\u00e3o de caridade.<\/p>\n<p>Vale ressaltar que o Sinpro\/AL notificou extrajudicialmente e tentou manter di\u00e1logo com o estabelecimento de ensino para que o mesmo n\u00e3o incorresse na ilegalidade, mas devido as negativas a solu\u00e7\u00e3o foi judicializar o caso.<\/p>\n<p>A diretoria do Sinpro\/AL atrav\u00e9s do seu presidente, Eduardo Vasconcelos, ressalta a import\u00e2ncia do cumprimento do que \u00e9 estabelecido na Conven\u00e7\u00e3o Coletiva da categoria.\u00a0 A entidade classista n\u00e3o se furtar\u00e1 de defender o direito dos educadores e destaca que se qualquer outro estabelecimento de ensino do ensino b\u00e1sico descumprir o acordado tamb\u00e9m ser\u00e1 acionado na Justi\u00e7a.<\/p>\n<p class=\"x_MsoNormal\">Somos professores com orgulho e exigimos respeito!<\/p>\n<p>&nbsp;<\/p>\n","protected":false},"excerpt":{"rendered":"<p>Instituto Educacional Paju\u00e7ara insistiu em descumprir acordo coletivo formalizado no Tribunal Regional do Trabalho (TRT) entre o Sindicato dos Professores de Alagoas (Sinpro\/AL) e o Sindicato dos Estabelecimentos de Ensino (Sinepe), que instituiu o recesso do ensino b\u00e1sico entre os dias 23 de junho e 7 de julho. Tal fato foi levado pelo Sinpro\/AL, atrav\u00e9s [&hellip;]<\/p>\n","protected":false},"author":4,"featured_media":2107,"comment_status":"open","ping_status":"open","sticky":false,"template":"","format":"standard","meta":{"footnotes":""},"categories":[4],"tags":[],"class_list":["post-4182","post","type-post","status-publish","format-standard","has-post-thumbnail","hentry","category-noticias-sinpro-al"],"_links":{"self":[{"href":"http:\/\/sinpro-al.com.br\/v2\/index.php?rest_route=\/wp\/v2\/posts\/4182","targetHints":{"allow":["GET"]}}],"collection":[{"href":"http:\/\/sinpro-al.com.br\/v2\/index.php?rest_route=\/wp\/v2\/posts"}],"about":[{"href":"http:\/\/sinpro-al.com.br\/v2\/index.php?rest_route=\/wp\/v2\/types\/post"}],"author":[{"embeddable":true,"href":"http:\/\/sinpro-al.com.br\/v2\/index.php?rest_route=\/wp\/v2\/users\/4"}],"replies":[{"embeddable":true,"href":"http:\/\/sinpro-al.com.br\/v2\/index.php?rest_route=%2Fwp%2Fv2%2Fcomments&post=4182"}],"version-history":[{"count":3,"href":"http:\/\/sinpro-al.com.br\/v2\/index.php?rest_route=\/wp\/v2\/posts\/4182\/revisions"}],"predecessor-version":[{"id":4186,"href":"http:\/\/sinpro-al.com.br\/v2\/index.php?rest_route=\/wp\/v2\/posts\/4182\/revisions\/4186"}],"wp:featuredmedia":[{"embeddable":true,"href":"http:\/\/sinpro-al.com.br\/v2\/index.php?rest_route=\/wp\/v2\/media\/2107"}],"wp:attachment":[{"href":"http:\/\/sinpro-al.com.br\/v2\/index.php?rest_route=%2Fwp%2Fv2%2Fmedia&parent=4182"}],"wp:term":[{"taxonomy":"category","embeddable":true,"href":"http:\/\/sinpro-al.com.br\/v2\/index.php?rest_route=%2Fwp%2Fv2%2Fcategories&post=4182"},{"taxonomy":"post_tag","embeddable":true,"href":"http:\/\/sinpro-al.com.br\/v2\/index.php?rest_route=%2Fwp%2Fv2%2Ftags&post=4182"}],"curies":[{"name":"wp","href":"https:\/\/api.w.org\/{rel}","templated":true}]}}