{"id":4156,"date":"2017-06-20T08:00:21","date_gmt":"2017-06-20T11:00:21","guid":{"rendered":"http:\/\/sinpro-al.com.br\/v2\/?p=4156"},"modified":"2017-06-27T08:44:07","modified_gmt":"2017-06-27T11:44:07","slug":"projeto-de-isencao-de-iptu-para-professores-aposentados-sera-apresentado-na-camara","status":"publish","type":"post","link":"http:\/\/sinpro-al.com.br\/v2\/?p=4156","title":{"rendered":"Projeto de isen\u00e7\u00e3o de IPTU para professores aposentados ser\u00e1 apresentado na C\u00e2mara"},"content":{"rendered":"<div id=\"attachment_4158\" style=\"width: 310px\" class=\"wp-caption alignleft\"><a href=\"http:\/\/sinpro-al.com.br\/v2\/wp-content\/uploads\/2017\/06\/iptu.jpg\"><img loading=\"lazy\" decoding=\"async\" aria-describedby=\"caption-attachment-4158\" class=\"wp-image-4158 size-medium\" src=\"http:\/\/sinpro-al.com.br\/v2\/wp-content\/uploads\/2017\/06\/iptu-300x300.jpg\" alt=\"\" width=\"300\" height=\"300\" srcset=\"http:\/\/sinpro-al.com.br\/v2\/wp-content\/uploads\/2017\/06\/iptu-300x300.jpg 300w, http:\/\/sinpro-al.com.br\/v2\/wp-content\/uploads\/2017\/06\/iptu-150x150.jpg 150w, http:\/\/sinpro-al.com.br\/v2\/wp-content\/uploads\/2017\/06\/iptu-768x768.jpg 768w, http:\/\/sinpro-al.com.br\/v2\/wp-content\/uploads\/2017\/06\/iptu-1024x1024.jpg 1024w, http:\/\/sinpro-al.com.br\/v2\/wp-content\/uploads\/2017\/06\/iptu-45x45.jpg 45w, http:\/\/sinpro-al.com.br\/v2\/wp-content\/uploads\/2017\/06\/iptu.jpg 1280w\" sizes=\"auto, (max-width: 300px) 100vw, 300px\" \/><\/a><p id=\"caption-attachment-4158\" class=\"wp-caption-text\">Eduardo Vasconcelos e Francisco \u00a0Sales<\/p><\/div>\n<p>O presidente do Sindicato dos Professores de Alagoas (Sinpro\/AL), Eduardo Vasconcelos, apresentou ao vereador por Macei\u00f3, Francisco Sales, um projeto que prev\u00ea a isen\u00e7\u00e3o do IPTU para dos professores aposentados das redes p\u00fablica e privada da capital com mais de 60 anos.<\/p>\n<p>O parlamentar parabenizou a iniciativa da entidade classista e destacou que vai colocar o Projeto de Lei (PL) em tramita\u00e7\u00e3o na Casa para que seus pares possam apreciar.<\/p>\n<p>O Sinpro\/AL destaca que a \u201caprova\u00e7\u00e3o\u201d do PL n\u00e3o cria privil\u00e9gios para os docentes, mas enaltece o reconhecimento a quem d\u00e1 sua vida pela forma\u00e7\u00e3o do outro e faz dessa na\u00e7\u00e3o um lugar menos injusto atrav\u00e9s da sua atividade cotidiana.<\/p>\n<p>Vale ressaltar que h\u00e1 in\u00fameros Projetos de Leis tramitando tanto na C\u00e2mara, quanto na Assembleia Legislativa do Estado propostos pelo professor Eduardo Vasconcelos a partir do Sinpro\/AL.<\/p>\n<p>Somos professores com orgulho e exigimos respeito!<\/p>\n<p>&nbsp;<\/p>\n","protected":false},"excerpt":{"rendered":"<p>O presidente do Sindicato dos Professores de Alagoas (Sinpro\/AL), Eduardo Vasconcelos, apresentou ao vereador por Macei\u00f3, Francisco Sales, um projeto que prev\u00ea a isen\u00e7\u00e3o do IPTU para dos professores aposentados das redes p\u00fablica e privada da capital com mais de 60 anos. O parlamentar parabenizou a iniciativa da entidade classista e destacou que vai colocar [&hellip;]<\/p>\n","protected":false},"author":4,"featured_media":4158,"comment_status":"open","ping_status":"open","sticky":false,"template":"","format":"standard","meta":{"footnotes":""},"categories":[4],"tags":[],"class_list":["post-4156","post","type-post","status-publish","format-standard","has-post-thumbnail","hentry","category-noticias-sinpro-al"],"_links":{"self":[{"href":"http:\/\/sinpro-al.com.br\/v2\/index.php?rest_route=\/wp\/v2\/posts\/4156","targetHints":{"allow":["GET"]}}],"collection":[{"href":"http:\/\/sinpro-al.com.br\/v2\/index.php?rest_route=\/wp\/v2\/posts"}],"about":[{"href":"http:\/\/sinpro-al.com.br\/v2\/index.php?rest_route=\/wp\/v2\/types\/post"}],"author":[{"embeddable":true,"href":"http:\/\/sinpro-al.com.br\/v2\/index.php?rest_route=\/wp\/v2\/users\/4"}],"replies":[{"embeddable":true,"href":"http:\/\/sinpro-al.com.br\/v2\/index.php?rest_route=%2Fwp%2Fv2%2Fcomments&post=4156"}],"version-history":[{"count":5,"href":"http:\/\/sinpro-al.com.br\/v2\/index.php?rest_route=\/wp\/v2\/posts\/4156\/revisions"}],"predecessor-version":[{"id":4188,"href":"http:\/\/sinpro-al.com.br\/v2\/index.php?rest_route=\/wp\/v2\/posts\/4156\/revisions\/4188"}],"wp:featuredmedia":[{"embeddable":true,"href":"http:\/\/sinpro-al.com.br\/v2\/index.php?rest_route=\/wp\/v2\/media\/4158"}],"wp:attachment":[{"href":"http:\/\/sinpro-al.com.br\/v2\/index.php?rest_route=%2Fwp%2Fv2%2Fmedia&parent=4156"}],"wp:term":[{"taxonomy":"category","embeddable":true,"href":"http:\/\/sinpro-al.com.br\/v2\/index.php?rest_route=%2Fwp%2Fv2%2Fcategories&post=4156"},{"taxonomy":"post_tag","embeddable":true,"href":"http:\/\/sinpro-al.com.br\/v2\/index.php?rest_route=%2Fwp%2Fv2%2Ftags&post=4156"}],"curies":[{"name":"wp","href":"https:\/\/api.w.org\/{rel}","templated":true}]}}