{"id":4144,"date":"2017-06-21T16:20:14","date_gmt":"2017-06-21T19:20:14","guid":{"rendered":"http:\/\/sinpro-al.com.br\/v2\/?p=4144"},"modified":"2017-06-21T16:40:43","modified_gmt":"2017-06-21T19:40:43","slug":"sinpro-al-apresenta-nota-de-repudio-contra-a-retirada-do-espanhol","status":"publish","type":"post","link":"http:\/\/sinpro-al.com.br\/v2\/?p=4144","title":{"rendered":"Sinpro\/AL apresenta nota de rep\u00fadio contra a retirada do Espanhol"},"content":{"rendered":"<div id=\"attachment_4172\" style=\"width: 310px\" class=\"wp-caption alignleft\"><a href=\"http:\/\/sinpro-al.com.br\/v2\/wp-content\/uploads\/2017\/06\/IMG-20170621-WA0229.jpg\"><img loading=\"lazy\" decoding=\"async\" aria-describedby=\"caption-attachment-4172\" class=\"wp-image-4172 size-medium\" src=\"http:\/\/sinpro-al.com.br\/v2\/wp-content\/uploads\/2017\/06\/IMG-20170621-WA0229-300x300.jpg\" alt=\"\" width=\"300\" height=\"300\" srcset=\"http:\/\/sinpro-al.com.br\/v2\/wp-content\/uploads\/2017\/06\/IMG-20170621-WA0229-300x300.jpg 300w, http:\/\/sinpro-al.com.br\/v2\/wp-content\/uploads\/2017\/06\/IMG-20170621-WA0229-150x150.jpg 150w, http:\/\/sinpro-al.com.br\/v2\/wp-content\/uploads\/2017\/06\/IMG-20170621-WA0229-768x768.jpg 768w, http:\/\/sinpro-al.com.br\/v2\/wp-content\/uploads\/2017\/06\/IMG-20170621-WA0229-1024x1024.jpg 1024w, http:\/\/sinpro-al.com.br\/v2\/wp-content\/uploads\/2017\/06\/IMG-20170621-WA0229-45x45.jpg 45w, http:\/\/sinpro-al.com.br\/v2\/wp-content\/uploads\/2017\/06\/IMG-20170621-WA0229.jpg 1280w\" sizes=\"auto, (max-width: 300px) 100vw, 300px\" \/><\/a><p id=\"caption-attachment-4172\" class=\"wp-caption-text\">Presidente do Sinpro, Eduardo Vasconcelos, apresenta nota de rep\u00fadio para os deputados estaduais<\/p><\/div>\n<p>O Sindicato dos Professores de Alagoas (Sinpro\/AL) encaminhou\u00a0para a Assembleia Legislativa do Estado uma nota de rep\u00fadio contra a retirada da L\u00edngua Espanhola da grade curricular do ensino m\u00e9dio. No mesmo documento a entidade classista solicita aprova\u00e7\u00e3o do Projeto de Lei que torna obrigat\u00f3rio a disciplina nas escolas p\u00fablicas e privadas do Estado.<\/p>\n<p>In\u00fameros \u00a0parlamentares \u00a0colocaram para o presidente da entidade \u00a0classista que s\u00e3o \u00a0sens\u00edveis a demanda dos educadores e que defendem a L\u00edngua Espanhola na grade das escolas \u00a0p\u00fablicas e privadas.<\/p>\n<p>Somos \u00a0professores \u00a0com orgulho \u00a0e exigimos \u00a0respeito!<\/p>\n<p><strong>Confira a nota na \u00edntegra:<\/strong><\/p>\n<p><strong>NOTA DE REP\u00daDIO<\/strong><\/p>\n<p>O Sindicato dos Professores de Alagoas (Sinpro\/AL) repudia a retirada do ensino da l\u00edngua espanhola, atrav\u00e9s da lei 13.415, de 17 de fevereiro de 2017, revogando a Lei do Espanhol, de n\u00famero 11.161, de 05 de agosto de 2005, lei que favoreceu o ensino do Espanhol em Alagoas.<\/p>\n<p>O Sinpro\/AL classifica a medida como um retrocesso, pois acredita que a L\u00edngua Espanhola \u00e9 de import\u00e2ncia internacional. Oficial em 21 pa\u00edses, \u00e9 a segunda l\u00edngua usada nos ve\u00edculos de comunica\u00e7\u00e3o em todo o mundo. Nos Estados Unidos e no Canad\u00e1 \u00e9 a mais ensinada nas universidades e nas escolas prim\u00e1rias e secund\u00e1rias.<\/p>\n<p>A l\u00edngua espanhola \u00e9 a l\u00edngua dos nossos vizinhos. Todos os pa\u00edses que fazem fronteira com o Brasil t\u00eam o espanhol como l\u00edngua oficial, com exce\u00e7\u00e3o apenas da Guiana, Suriname e Guiana Francesa. O fato de sermos vizinhos \u00e9 um motivo a mais para aprendermos sua l\u00edngua e nos familiarizarmos com sua cultura.<\/p>\n<p>O ensino do espanhol tamb\u00e9m tem import\u00e2ncia para a economia, com o Mercosul. Pela primeira vez na sua hist\u00f3ria, a Am\u00e9rica Latina est\u00e1 n\u00e3o somente vivenciando um dos mais altos graus de crescimento econ\u00f4mico, tecnol\u00f3gico e industrial, como celebra tamb\u00e9m o primeiro acordo comercial de \u00e2mbito continental.<\/p>\n<p>Uma das maiores raz\u00f5es para que nossos alunos aprendam a l\u00edngua espanhola \u00e9 o turismo. A grande influ\u00eancia de turistas no Brasil e no Estado de Alagoas, s\u00e3o dos nossos pa\u00edses vizinhos, que tem como idioma nativo o espanhol. \u00c9 de estrema import\u00e2ncia o aprendizado do idioma para os nossos estudantes, pois para o crescimento do Pa\u00eds e do mercado de trabalho, em todas as suas \u00e1reas, ser\u00e1 cobrado esse conhecimento.<\/p>\n<p>Outro motivo preocupante \u00e9 em rela\u00e7\u00e3o as centenas de professores e de professoras da L\u00edngua Espanhola que ficar\u00e3o desempregados. O n\u00famero de desemprego vem crescendo absurdamente no Brasil, e devemos tentar impedir que esses nossos professores sejam prejudicados dessa forma.<\/p>\n<p>O Sinpro de Alagoas apresentou a esta casa o projeto de lei protocolizado no n\u00famero 1649, no dia 9 de junho de 2017, que disp\u00f5e sobre a implanta\u00e7\u00e3o da disciplina de L\u00edngua Espanhola na grade curricular das escolas do ensino m\u00e9dio, obrigatoriamente, na rede estadual p\u00fablica e privada de ensino.<\/p>\n<p>Pedimos o apoio dos deputados e das deputadas para a aprova\u00e7\u00e3o do projeto que torna o ensino da L\u00edngua Espanhola, em Alagoas, obrigat\u00f3rio no curr\u00edculo do Ensino M\u00e9dio, contribuindo assim o crescimento dos nossos alunos e dos nossos professores.<\/p>\n<p style=\"text-align: center;\"><strong>A DIRE\u00c7\u00c3O<\/strong><\/p>\n","protected":false},"excerpt":{"rendered":"<p>O Sindicato dos Professores de Alagoas (Sinpro\/AL) encaminhou\u00a0para a Assembleia Legislativa do Estado uma nota de rep\u00fadio contra a retirada da L\u00edngua Espanhola da grade curricular do ensino m\u00e9dio. No mesmo documento a entidade classista solicita aprova\u00e7\u00e3o do Projeto de Lei que torna obrigat\u00f3rio a disciplina nas escolas p\u00fablicas e privadas do Estado. In\u00fameros \u00a0parlamentares [&hellip;]<\/p>\n","protected":false},"author":6,"featured_media":4172,"comment_status":"open","ping_status":"open","sticky":false,"template":"","format":"standard","meta":{"footnotes":""},"categories":[4],"tags":[],"class_list":["post-4144","post","type-post","status-publish","format-standard","has-post-thumbnail","hentry","category-noticias-sinpro-al"],"_links":{"self":[{"href":"http:\/\/sinpro-al.com.br\/v2\/index.php?rest_route=\/wp\/v2\/posts\/4144","targetHints":{"allow":["GET"]}}],"collection":[{"href":"http:\/\/sinpro-al.com.br\/v2\/index.php?rest_route=\/wp\/v2\/posts"}],"about":[{"href":"http:\/\/sinpro-al.com.br\/v2\/index.php?rest_route=\/wp\/v2\/types\/post"}],"author":[{"embeddable":true,"href":"http:\/\/sinpro-al.com.br\/v2\/index.php?rest_route=\/wp\/v2\/users\/6"}],"replies":[{"embeddable":true,"href":"http:\/\/sinpro-al.com.br\/v2\/index.php?rest_route=%2Fwp%2Fv2%2Fcomments&post=4144"}],"version-history":[{"count":6,"href":"http:\/\/sinpro-al.com.br\/v2\/index.php?rest_route=\/wp\/v2\/posts\/4144\/revisions"}],"predecessor-version":[{"id":4161,"href":"http:\/\/sinpro-al.com.br\/v2\/index.php?rest_route=\/wp\/v2\/posts\/4144\/revisions\/4161"}],"wp:featuredmedia":[{"embeddable":true,"href":"http:\/\/sinpro-al.com.br\/v2\/index.php?rest_route=\/wp\/v2\/media\/4172"}],"wp:attachment":[{"href":"http:\/\/sinpro-al.com.br\/v2\/index.php?rest_route=%2Fwp%2Fv2%2Fmedia&parent=4144"}],"wp:term":[{"taxonomy":"category","embeddable":true,"href":"http:\/\/sinpro-al.com.br\/v2\/index.php?rest_route=%2Fwp%2Fv2%2Fcategories&post=4144"},{"taxonomy":"post_tag","embeddable":true,"href":"http:\/\/sinpro-al.com.br\/v2\/index.php?rest_route=%2Fwp%2Fv2%2Ftags&post=4144"}],"curies":[{"name":"wp","href":"https:\/\/api.w.org\/{rel}","templated":true}]}}